{"id":382807,"date":"2023-03-22T09:13:00","date_gmt":"2023-03-22T13:13:00","guid":{"rendered":"https:\/\/primermomento.com\/?p=382807"},"modified":"2023-03-22T16:19:28","modified_gmt":"2023-03-22T20:19:28","slug":"comienzan-reuniones-de-la-cumbre-iberoamericana-en-santo-domingo","status":"publish","type":"post","link":"https:\/\/primermomento.com\/?p=382807","title":{"rendered":"Comienzan reuniones de la Cumbre Iberoamericana en Santo Domingo"},"content":{"rendered":"\n<p>SANTO DOMINGO, Rep\u00fablica Dominicana.- Las reuniones de cara a la XXVIII Cumbre Iberoamericana de Jefes y Jefas de Estado y de Gobierno que se celebrar\u00e1 en Dominicana el viernes y s\u00e1bado pr\u00f3ximos, comenzaron hoy.<\/p>\n\n\n\n<p>La IV Reuni\u00f3n de Coordinadores Nacionales y de Responsables de Cooperaci\u00f3n se lleva a cabo en la Canciller\u00eda y en ella ser\u00e1 presentado el informe del secretario general iberoamericano, Andr\u00e9s Allamand, y ser\u00e1 adoptada la agenda del evento.<\/p>\n\n\n\n<p>Tambi\u00e9n este mi\u00e9rcoles en horas de la tarde, ser\u00e1 presentado el informe del Observatorio Iberoamericano de Cambio Clim\u00e1tico y Desarrollo Sostenible de La R\u00e1bida Sistemas Alimentarios y Cambio Clim\u00e1tico en Iberoam\u00e9rica.<\/p>\n\n\n\n<p>Para ma\u00f1ana jueves est\u00e1 prevista la reuni\u00f3n con observadores y asociados consultivos de la Conferencia Iberoamericana, en la cual se proceder\u00e1 con la presentaci\u00f3n del Informe Sur-Sur y Triangula en Iberoam\u00e9rica 2022.<\/p>\n\n\n\n<p>Y adem\u00e1s, ser\u00e1 el primer d\u00eda del XVI Encuentro Empresarial Iberoamericano, en el que se presentar\u00e1 el informe Perspectiva Econ\u00f3mica de Am\u00e9rica Latina 2022, en el Centro de Convenciones de Sansouc\u00ed.<\/p>\n\n\n\n<p>Seg\u00fan el programa de la Cumbre, el venidero viernes corresponde la reuni\u00f3n de ministros de Relaciones Exteriores Iberoamericanos, ser\u00e1 el segundo d\u00eda del Encuentro Empresarial y los presentes conocer\u00e1n los resultados del Programa Iberoamericano sobre los Derechos de las Personas con Discapacidad.<\/p>\n\n\n\n<p>De esta forma todo quedar\u00e1 listo para la inauguraci\u00f3n de la XXVIII Cumbre Iberoamericana, en la fortaleza colonial Ozama, en la noche del viernes y el s\u00e1bado, a partir de las 09:30, hora local, transcurrir\u00e1 la sesi\u00f3n plenaria, con un almuerzo que el presidente, Luis Abinader, ofrecer\u00e1 a sus invitados de manera privada y sin agenda, en el Palacio Nacional.<\/p>\n\n\n\n<p>Seg\u00fan los organizadores del c\u00f3nclave es de esperar la presencia de 14 presidentes, dos vicepresidentes, dos primeros ministros y 22 cancilleres, quienes adoptar\u00e1n importantes instrumentos tendentes a garantizar el desarrollo de la regi\u00f3n.<\/p>\n\n\n\n<p>La Conferencia Iberoamericana constituye un espacio de cooperaci\u00f3n consolidado, con una experiencia avalada por m\u00e1s de 30 a\u00f1os de quehacer ininterrumpido.<\/p>\n\n\n\n<p class=\"has-text-align-right\"><em>PL<\/em><\/p>\n","protected":false},"excerpt":{"rendered":"<p>SANTO DOMINGO, Rep\u00fablica Dominicana.- Las reuniones de cara a la XXVIII Cumbre Iberoamericana de Jefes y Jefas de Estado y de Gobierno que se celebrar\u00e1 en Dominicana el viernes y s\u00e1bado pr\u00f3ximos, comenzaron hoy. La IV Reuni\u00f3n de Coordinadores Nacionales y de Responsables de Cooperaci\u00f3n se lleva a cabo en la Canciller\u00eda y en ella [&hellip;]<\/p>\n","protected":false},"author":1,"featured_media":382808,"comment_status":"open","ping_status":"open","sticky":false,"template":"","format":"standard","meta":{"_bbp_topic_count":0,"_bbp_reply_count":0,"_bbp_total_topic_count":0,"_bbp_total_reply_count":0,"_bbp_voice_count":0,"_bbp_anonymous_reply_count":0,"_bbp_topic_count_hidden":0,"_bbp_reply_count_hidden":0,"_bbp_forum_subforum_count":0,"footnotes":""},"categories":[61],"tags":[],"class_list":{"0":"post-382807","1":"post","2":"type-post","3":"status-publish","4":"format-standard","5":"has-post-thumbnail","7":"category-mundo"},"_links":{"self":[{"href":"https:\/\/primermomento.com\/index.php?rest_route=\/wp\/v2\/posts\/382807","targetHints":{"allow":["GET"]}}],"collection":[{"href":"https:\/\/primermomento.com\/index.php?rest_route=\/wp\/v2\/posts"}],"about":[{"href":"https:\/\/primermomento.com\/index.php?rest_route=\/wp\/v2\/types\/post"}],"author":[{"embeddable":true,"href":"https:\/\/primermomento.com\/index.php?rest_route=\/wp\/v2\/users\/1"}],"replies":[{"embeddable":true,"href":"https:\/\/primermomento.com\/index.php?rest_route=%2Fwp%2Fv2%2Fcomments&post=382807"}],"version-history":[{"count":1,"href":"https:\/\/primermomento.com\/index.php?rest_route=\/wp\/v2\/posts\/382807\/revisions"}],"predecessor-version":[{"id":382809,"href":"https:\/\/primermomento.com\/index.php?rest_route=\/wp\/v2\/posts\/382807\/revisions\/382809"}],"wp:featuredmedia":[{"embeddable":true,"href":"https:\/\/primermomento.com\/index.php?rest_route=\/wp\/v2\/media\/382808"}],"wp:attachment":[{"href":"https:\/\/primermomento.com\/index.php?rest_route=%2Fwp%2Fv2%2Fmedia&parent=382807"}],"wp:term":[{"taxonomy":"category","embeddable":true,"href":"https:\/\/primermomento.com\/index.php?rest_route=%2Fwp%2Fv2%2Fcategories&post=382807"},{"taxonomy":"post_tag","embeddable":true,"href":"https:\/\/primermomento.com\/index.php?rest_route=%2Fwp%2Fv2%2Ftags&post=382807"}],"curies":[{"name":"wp","href":"https:\/\/api.w.org\/{rel}","templated":true}]}}