{"id":382877,"date":"2023-03-23T10:06:01","date_gmt":"2023-03-23T14:06:01","guid":{"rendered":"https:\/\/primermomento.com\/?p=382877"},"modified":"2023-03-23T10:13:11","modified_gmt":"2023-03-23T14:13:11","slug":"presidente-joe-biden-se-reunira-con-el-primer-ministro-justin-trudeau","status":"publish","type":"post","link":"https:\/\/primermomento.com\/?p=382877","title":{"rendered":"Biden y Trudeau tratar\u00e1n sobre cadena de suministro, cambio clim\u00e1tico y migraci\u00f3n"},"content":{"rendered":"\n<p>WASHINGTON, EEUU.- El presidente de Estados Unidos, Joe Biden, comenzar\u00e1 hoy una vista de dos d\u00edas a Canad\u00e1 con el objetivo de platicar con las autoridades de ese pa\u00eds sobre temas de inter\u00e9s com\u00fan.<\/p>\n\n\n\n<p>De acuerdo con un comunicado de la Casa Blanca, los asuntos a tratar con el primer ministro canadiense, Justin Trudeau, versar\u00e1n sobre cuestiones asociadas \u201cal fortalecimiento de la cadena de suministro, la implementaci\u00f3n de medidas para mitigar el cambio clim\u00e1tico y la migraci\u00f3n irregular\u201d.<\/p>\n\n\n\n<p>Pese a las alertas de que el suministro de armas a Ucrania solo alarga el conflicto con Rusia y a los llamados a la b\u00fasqueda de una salida pac\u00edfica en relaci\u00f3n al diferendo, otras de las cuestiones a tratar ser\u00e1 la facilitaci\u00f3n de equipamiento b\u00e9lico al gobierno de Volodomir Zelensky.<\/p>\n\n\n\n<p>Tambi\u00e9n en materia castrense, ocupar\u00e1 un espacio en la agenda la modernizaci\u00f3n del Comando de Defensa Aeroespacial de Am\u00e9rica del Norte, integrado por ambos pa\u00edses.<\/p>\n\n\n\n<p>Biden, que por primera vez visita al pa\u00eds vecino desde su llegada al poder, tendr\u00e1 en la jornada de ma\u00f1ana su d\u00eda m\u00e1s ajetreado, cuando tambi\u00e9n tiene previsto dar un discurso ante el Parlamento, inform\u00f3 un reporte de la cadena de noticias CTV News.<\/p>\n\n\n\n<p>La estad\u00eda del ocupante del Despacho Oval se llevar\u00e1 a cabo bajo una fuerte presencia de fuerzas del orden y la Real Polic\u00eda Montada de Canad\u00e1.<\/p>\n\n\n\n<p>Precis\u00f3 el reporte que para reforzar la seguridad trabajan con el Ej\u00e9rcito, el Servicio de Protecci\u00f3n Parlamentaria, oficiales locales en Ottawa y otros en Quebec, as\u00ed como con el Servicio Secreto de Estados Unidos.<\/p>\n\n\n\n<p>Seg\u00fan declar\u00f3 en horas recientes Trudeau, el centro de las conversaciones versar\u00e1 sobre el empleo y el crecimiento, los llamados minerales cr\u00edticos-usados en la fabricaci\u00f3n de paneles solares y en bater\u00edas de veh\u00edculos el\u00e9ctricos-, y la lucha contra el cambio clim\u00e1tico.<\/p>\n\n\n\n<p>La econom\u00eda es un punto de discusi\u00f3n importante entre las partes, acorde con analistas, sobre todo en medio de un escenario de creciente inflaci\u00f3n y preocupaciones en torno a una crisis financiera tras la quiebra de tres bancos en Estados Unidos.<\/p>\n\n\n\n<p>El vecino sure\u00f1o es el mayor socio comercial de Canad\u00e1 y, solo en 2021, el intercambio bilateral de bienes y servicios super\u00f3 los 745 mil millones de d\u00f3lares estadounidenses, acorde con datos divulgados por CTV News.<\/p>\n\n\n\n<p class=\"has-text-align-right\"><em>PL<\/em><\/p>\n","protected":false},"excerpt":{"rendered":"<p>WASHINGTON, EEUU.- El presidente de Estados Unidos, Joe Biden, comenzar\u00e1 hoy una vista de dos d\u00edas a Canad\u00e1 con el objetivo de platicar con las autoridades de ese pa\u00eds sobre temas de inter\u00e9s com\u00fan. De acuerdo con un comunicado de la Casa Blanca, los asuntos a tratar con el primer ministro canadiense, Justin Trudeau, versar\u00e1n [&hellip;]<\/p>\n","protected":false},"author":1,"featured_media":382878,"comment_status":"open","ping_status":"open","sticky":false,"template":"","format":"standard","meta":{"_bbp_topic_count":0,"_bbp_reply_count":0,"_bbp_total_topic_count":0,"_bbp_total_reply_count":0,"_bbp_voice_count":0,"_bbp_anonymous_reply_count":0,"_bbp_topic_count_hidden":0,"_bbp_reply_count_hidden":0,"_bbp_forum_subforum_count":0,"footnotes":""},"categories":[61],"tags":[],"class_list":{"0":"post-382877","1":"post","2":"type-post","3":"status-publish","4":"format-standard","5":"has-post-thumbnail","7":"category-mundo"},"_links":{"self":[{"href":"https:\/\/primermomento.com\/index.php?rest_route=\/wp\/v2\/posts\/382877","targetHints":{"allow":["GET"]}}],"collection":[{"href":"https:\/\/primermomento.com\/index.php?rest_route=\/wp\/v2\/posts"}],"about":[{"href":"https:\/\/primermomento.com\/index.php?rest_route=\/wp\/v2\/types\/post"}],"author":[{"embeddable":true,"href":"https:\/\/primermomento.com\/index.php?rest_route=\/wp\/v2\/users\/1"}],"replies":[{"embeddable":true,"href":"https:\/\/primermomento.com\/index.php?rest_route=%2Fwp%2Fv2%2Fcomments&post=382877"}],"version-history":[{"count":3,"href":"https:\/\/primermomento.com\/index.php?rest_route=\/wp\/v2\/posts\/382877\/revisions"}],"predecessor-version":[{"id":382884,"href":"https:\/\/primermomento.com\/index.php?rest_route=\/wp\/v2\/posts\/382877\/revisions\/382884"}],"wp:featuredmedia":[{"embeddable":true,"href":"https:\/\/primermomento.com\/index.php?rest_route=\/wp\/v2\/media\/382878"}],"wp:attachment":[{"href":"https:\/\/primermomento.com\/index.php?rest_route=%2Fwp%2Fv2%2Fmedia&parent=382877"}],"wp:term":[{"taxonomy":"category","embeddable":true,"href":"https:\/\/primermomento.com\/index.php?rest_route=%2Fwp%2Fv2%2Fcategories&post=382877"},{"taxonomy":"post_tag","embeddable":true,"href":"https:\/\/primermomento.com\/index.php?rest_route=%2Fwp%2Fv2%2Ftags&post=382877"}],"curies":[{"name":"wp","href":"https:\/\/api.w.org\/{rel}","templated":true}]}}