{"id":382890,"date":"2023-03-23T13:38:07","date_gmt":"2023-03-23T17:38:07","guid":{"rendered":"https:\/\/primermomento.com\/?p=382890"},"modified":"2023-03-23T19:31:26","modified_gmt":"2023-03-23T23:31:26","slug":"presidentes-abinader-y-de-sousa-discutieron-migracion-turismo-comercio-digital-y-energia","status":"publish","type":"post","link":"https:\/\/primermomento.com\/?p=382890","title":{"rendered":"Presidentes Abinader y De Sousa discutieron migraci\u00f3n, turismo, comercio, digital y energ\u00eda"},"content":{"rendered":"\n<p>SANTO DOMINGO, Rep\u00fablica Dominicana.- El presidente de la Rep\u00fablica Dominicana, Luis Abinader, y el de la Rep\u00fablica Portuguesa, Marcelo Rebelo De Sousa, sostuvieron una reuni\u00f3n con las delegaciones de ambos pa\u00edses, en el Sal\u00f3n Consejo de Gobierno del Palacio Nacional.<\/p>\n\n\n\n<p>En este encuentro discutieron temas de migraci\u00f3n, turismo, comercio, digital y energ\u00eda. Cabe destacar que Portugal tiene 60 % energ\u00eda renovable.<\/p>\n\n\n\n<p>La reuni\u00f3n se realiz\u00f3 como parte de la agenda por la visita oficial del presidente de la Rep\u00fablica Portuguesa al pa\u00eds.<\/p>\n\n\n\n<p>La delegaci\u00f3n de la Rep\u00fablica Dominicana la integraron la Vicepresidenta Raquel Pe\u00f1a; el ministro de Relaciones Exteriores, Roberto \u00c1lvarez; el de la Presidencia, Joel Adri\u00e1n Santos Echavarr\u00eda; el Administrativo de la Presidencia, Jos\u00e9 Ignacio Paliza; de Industria, Comercio y Mipymes, V\u00edctor-Ito-Bison\u00f3; de Turismo, David Collado; de Educaci\u00f3n Superior, Ciencia y Tecnolog\u00eda, Franklin Garc\u00eda Ferm\u00edn y de Energ\u00eda y Minas, Antonio Almonte.<\/p>\n\n\n\n<p>Tambi\u00e9n, el viceministro de Pol\u00edtica Exterior Bilateral, Jos\u00e9 Julio G\u00f3mez, y el de Agenda Digital del Ministerio de la Presidencia, Jos\u00e9 David Montilla; el director ejecutivo de Alianzas P\u00fablico-Privadas, Sigmund Freund Mena; de ProDominicana, Biviana Riveiro; del Gabinete de Innovaci\u00f3n y director general de la Oficina Gubernamental de Tecnolog\u00eda de la Informaci\u00f3n y la Comunicaci\u00f3n, Bartolom\u00e9 Pujals; de la Autoridad Portuaria Dominicana, Jean Luis Rodr\u00edguez, y el embajador extraordinario y plenipotenciario de la Rep\u00fablica Dominicana en la Rep\u00fablica Portuguesa, Miguel \u00c1ngel Prestol.<\/p>\n\n\n\n<p>En tanto, la delegaci\u00f3n portuguesa estuvo conformada por el ministro de Negocios Extranjeros, Jo\u00e3o Gomes Cravinho; el embajador enviado especial, Manuel Cansado Carvalho; el jefe de la Casa Civil, Fernando Frutuoso de Melo; la consultora diplom\u00e1tica, Mar\u00eda Amelia Paiva; el asesor militar del Presidente de Rep\u00fablica, teniente coronel Anselmo Dias; la consultora de Relaciones Internacionales del Presidente de la Rep\u00fablica, M\u00f3nica Lisboa; la consultora de la Casa Civil del Presidente de la Rep\u00fablica, Paula Almeida, y la adjunta del Ministro de Negocios Extranjeros, Margarita Matias.<\/p>\n","protected":false},"excerpt":{"rendered":"<p>SANTO DOMINGO, Rep\u00fablica Dominicana.- El presidente de la Rep\u00fablica Dominicana, Luis Abinader, y el de la Rep\u00fablica Portuguesa, Marcelo Rebelo De Sousa, sostuvieron una reuni\u00f3n con las delegaciones de ambos pa\u00edses, en el Sal\u00f3n Consejo de Gobierno del Palacio Nacional. En este encuentro discutieron temas de migraci\u00f3n, turismo, comercio, digital y energ\u00eda. Cabe destacar que [&hellip;]<\/p>\n","protected":false},"author":1,"featured_media":382894,"comment_status":"open","ping_status":"open","sticky":false,"template":"","format":"standard","meta":{"_bbp_topic_count":0,"_bbp_reply_count":0,"_bbp_total_topic_count":0,"_bbp_total_reply_count":0,"_bbp_voice_count":0,"_bbp_anonymous_reply_count":0,"_bbp_topic_count_hidden":0,"_bbp_reply_count_hidden":0,"_bbp_forum_subforum_count":0,"footnotes":""},"categories":[61],"tags":[],"class_list":{"0":"post-382890","1":"post","2":"type-post","3":"status-publish","4":"format-standard","5":"has-post-thumbnail","7":"category-mundo"},"_links":{"self":[{"href":"https:\/\/primermomento.com\/index.php?rest_route=\/wp\/v2\/posts\/382890","targetHints":{"allow":["GET"]}}],"collection":[{"href":"https:\/\/primermomento.com\/index.php?rest_route=\/wp\/v2\/posts"}],"about":[{"href":"https:\/\/primermomento.com\/index.php?rest_route=\/wp\/v2\/types\/post"}],"author":[{"embeddable":true,"href":"https:\/\/primermomento.com\/index.php?rest_route=\/wp\/v2\/users\/1"}],"replies":[{"embeddable":true,"href":"https:\/\/primermomento.com\/index.php?rest_route=%2Fwp%2Fv2%2Fcomments&post=382890"}],"version-history":[{"count":1,"href":"https:\/\/primermomento.com\/index.php?rest_route=\/wp\/v2\/posts\/382890\/revisions"}],"predecessor-version":[{"id":382892,"href":"https:\/\/primermomento.com\/index.php?rest_route=\/wp\/v2\/posts\/382890\/revisions\/382892"}],"wp:featuredmedia":[{"embeddable":true,"href":"https:\/\/primermomento.com\/index.php?rest_route=\/wp\/v2\/media\/382894"}],"wp:attachment":[{"href":"https:\/\/primermomento.com\/index.php?rest_route=%2Fwp%2Fv2%2Fmedia&parent=382890"}],"wp:term":[{"taxonomy":"category","embeddable":true,"href":"https:\/\/primermomento.com\/index.php?rest_route=%2Fwp%2Fv2%2Fcategories&post=382890"},{"taxonomy":"post_tag","embeddable":true,"href":"https:\/\/primermomento.com\/index.php?rest_route=%2Fwp%2Fv2%2Ftags&post=382890"}],"curies":[{"name":"wp","href":"https:\/\/api.w.org\/{rel}","templated":true}]}}