{"id":382926,"date":"2023-03-23T20:19:32","date_gmt":"2023-03-24T00:19:32","guid":{"rendered":"https:\/\/primermomento.com\/?p=382926"},"modified":"2023-03-24T14:19:17","modified_gmt":"2023-03-24T18:19:17","slug":"rey-de-espana-llego-a-dominicana-para-cumbre-iberoamericana","status":"publish","type":"post","link":"https:\/\/primermomento.com\/?p=382926","title":{"rendered":"Rey de Espa\u00f1a lleg\u00f3 a Dominicana para Cumbre Iberoamericana"},"content":{"rendered":"\n<p>SANTO DOMINGO, Rep\u00fablica Dominicana.- El rey de Espa\u00f1a Felipe VI lleg\u00f3 hoy a la Rep\u00fablica Dominicana, para participar en la XXVIII Cumbre Iberoamericana de Jefes de Estado y de Gobierno.<\/p>\n\n\n\n<p>Acompa\u00f1an a Su Majestad el ministro de Asuntos Exteriores, Uni\u00f3n Europea y Cooperaci\u00f3n, Jos\u00e9 Manuel Albares, y seg\u00fan los organizadores del evento, m\u00e1s adelante se incorporar\u00e1 a la delegaci\u00f3n del pa\u00eds europeo el presidente del Gobierno, Pedro S\u00e1nchez.<\/p>\n\n\n\n<p>La cita, que se efectuar\u00e1 este viernes y s\u00e1bado, bajo el lema: \u201cJuntos por una Iberoam\u00e9rica justa y sostenible\u201d, re\u00fane a los gobiernos de los 22 pa\u00edses de Iberoam\u00e9rica, incluidos Espa\u00f1a, Portugal y Andorra.<\/p>\n\n\n\n<p>La Conferencia Iberoamericana constituye un espacio de cooperaci\u00f3n consolidado, con una experiencia avalada por m\u00e1s de 30 a\u00f1os de quehacer ininterrumpido.<\/p>\n\n\n\n<p class=\"has-text-align-right\"><em>PL<\/em><\/p>\n","protected":false},"excerpt":{"rendered":"<p>SANTO DOMINGO, Rep\u00fablica Dominicana.- El rey de Espa\u00f1a Felipe VI lleg\u00f3 hoy a la Rep\u00fablica Dominicana, para participar en la XXVIII Cumbre Iberoamericana de Jefes de Estado y de Gobierno. Acompa\u00f1an a Su Majestad el ministro de Asuntos Exteriores, Uni\u00f3n Europea y Cooperaci\u00f3n, Jos\u00e9 Manuel Albares, y seg\u00fan los organizadores del evento, m\u00e1s adelante se [&hellip;]<\/p>\n","protected":false},"author":1,"featured_media":382927,"comment_status":"open","ping_status":"open","sticky":false,"template":"","format":"standard","meta":{"_bbp_topic_count":0,"_bbp_reply_count":0,"_bbp_total_topic_count":0,"_bbp_total_reply_count":0,"_bbp_voice_count":0,"_bbp_anonymous_reply_count":0,"_bbp_topic_count_hidden":0,"_bbp_reply_count_hidden":0,"_bbp_forum_subforum_count":0,"footnotes":""},"categories":[61],"tags":[],"class_list":{"0":"post-382926","1":"post","2":"type-post","3":"status-publish","4":"format-standard","5":"has-post-thumbnail","7":"category-mundo"},"_links":{"self":[{"href":"https:\/\/primermomento.com\/index.php?rest_route=\/wp\/v2\/posts\/382926","targetHints":{"allow":["GET"]}}],"collection":[{"href":"https:\/\/primermomento.com\/index.php?rest_route=\/wp\/v2\/posts"}],"about":[{"href":"https:\/\/primermomento.com\/index.php?rest_route=\/wp\/v2\/types\/post"}],"author":[{"embeddable":true,"href":"https:\/\/primermomento.com\/index.php?rest_route=\/wp\/v2\/users\/1"}],"replies":[{"embeddable":true,"href":"https:\/\/primermomento.com\/index.php?rest_route=%2Fwp%2Fv2%2Fcomments&post=382926"}],"version-history":[{"count":1,"href":"https:\/\/primermomento.com\/index.php?rest_route=\/wp\/v2\/posts\/382926\/revisions"}],"predecessor-version":[{"id":382928,"href":"https:\/\/primermomento.com\/index.php?rest_route=\/wp\/v2\/posts\/382926\/revisions\/382928"}],"wp:featuredmedia":[{"embeddable":true,"href":"https:\/\/primermomento.com\/index.php?rest_route=\/wp\/v2\/media\/382927"}],"wp:attachment":[{"href":"https:\/\/primermomento.com\/index.php?rest_route=%2Fwp%2Fv2%2Fmedia&parent=382926"}],"wp:term":[{"taxonomy":"category","embeddable":true,"href":"https:\/\/primermomento.com\/index.php?rest_route=%2Fwp%2Fv2%2Fcategories&post=382926"},{"taxonomy":"post_tag","embeddable":true,"href":"https:\/\/primermomento.com\/index.php?rest_route=%2Fwp%2Fv2%2Ftags&post=382926"}],"curies":[{"name":"wp","href":"https:\/\/api.w.org\/{rel}","templated":true}]}}