{"id":383036,"date":"2023-03-24T19:16:31","date_gmt":"2023-03-24T23:16:31","guid":{"rendered":"https:\/\/primermomento.com\/?p=383036"},"modified":"2023-03-25T10:10:56","modified_gmt":"2023-03-25T14:10:56","slug":"el-rey-felipe-vi-clausura-el-xiv-encuentro-empresarial-iberoamericano","status":"publish","type":"post","link":"https:\/\/primermomento.com\/?p=383036","title":{"rendered":"El rey Felipe VI clausura el XIV Encuentro Empresarial Iberoamericano"},"content":{"rendered":"\n<ul class=\"wp-block-list\">\n<li><strong>Se pronunci\u00f3 por una puesta en com\u00fan de la recuperaci\u00f3n econ\u00f3mica.<\/strong><\/li>\n<\/ul>\n\n\n\n<p>SANTO DOMINGO, Rep\u00fablica Dominicana.- El rey Felipe VI clausur\u00f3 este viernes el XIV Encuentro Empresarial Iberoamericano haciendo un llamado por una puesta en com\u00fan para la recuperaci\u00f3n econ\u00f3mica y seguir trabajando juntos y encontrar las v\u00edas adecuadas para contrarrestar las fuerzas desestabilizadoras de la econom\u00eda.<\/p>\n\n\n\n<p>\u201cSe trata, de ese modo, aproximar nuestras econom\u00edas y crecimiento econ\u00f3mico sostenido y sostenible en el tiempo, que ayude a minimizar aquellas brechas de desigualdad que persistan y puedan ser fuentes de tensi\u00f3n en numerosas sociedades. Os animo a continuar fortaleciendo los v\u00ednculos que nos unen. Aprovechemos juntos todas las oportunidades que nos ofrece el espacio iberoamericano\u201d, agreg\u00f3.<\/p>\n\n\n\n<p>Felipe VI destac\u00f3 que la Rep\u00fablica Dominicana es una muestra de la relevancia de contar con un sector privado fuerte y comprometido con los retos de pa\u00eds, para alcanzar un crecimiento duradero y estable, as\u00ed como la importancia de una estrecha y adecuada colaboraci\u00f3n p\u00fablico- privada para la consecuci\u00f3n de los objetivos estrat\u00e9gicos de toda una naci\u00f3n.<\/p>\n\n\n\n<p>En el acto de cierre de este foro internacional particip\u00f3, asimismo, el presidente de la Rep\u00fablica Dominicana, Luis Abinader, quien destac\u00f3 que Iberoam\u00e9rica es uno de los principales mercados del mundo y cada vez gana m\u00e1s peso. \u201cAhora se trata de seguir creciendo, pero con un objetivo: ser un \u00e1rea de cooperaci\u00f3n, de justicia, de libertad de empresa y de derechos\u201d, expres\u00f3 Abinader.<\/p>\n\n\n\n<p>\u201cUn foro que re\u00fane a m\u00e1s de mil empresarios, presidentes de las empresas l\u00edderes iberoamericanas, y cuya vocaci\u00f3n es contribuir a hacer m\u00e1s Iberoam\u00e9rica y promover relaciones de confianza entre los empresarios para hacer crecer y fortalecer el tejido empresarial iberoamericano, es el escenario perfecto para dar un salto y trabajar por lo que nos une, nos hace crecer y nos proporciona desarrollo y crecimiento para nuestra comunidad\u201d, agreg\u00f3 Luis Abinader.&nbsp;<\/p>\n\n\n\n<p>El presidente dominicano intervino en el conversatorio de jefes de Estado y de Gobierno en el que tambi\u00e9n participaron los presidentes de Paraguay, Mario Abdo; de Ecuador, Guillermo Lasso, y de Portugal, Marcelo Rebelo de Sousa. Este panel fue moderado por Andr\u00e9s Allamand, secretario general iberoamericano. Al panel de mandatarios se uni\u00f3 el presidente de Uruguay, Luis Lacalle Pou.<\/p>\n\n\n\n<p>Como parte de la agenda de este d\u00eda los empresarios entregaron a los jefes de Estado y de Gobierno un manifiesto de compromiso con la inversi\u00f3n para a seguir apostando por los pa\u00edses de Iberoam\u00e9rica, un nuevo pacto social, la defensa de los derechos de propiedad y la libertad de empresas, asumir el reto de la transformaci\u00f3n digital y se comprometieron a invertir en el desarrollo de capital humano, entre otros temas.<\/p>\n\n\n\n<p>El Manifiesto Compromiso Iberoamericano con la Inversi\u00f3n fue le\u00eddo por Antonio Garamendi, presidente de la Confederaci\u00f3n Espa\u00f1ola de Organizaciones Empresariales (CEOE) y Secretar\u00eda Permanente del Consejo de Empresarios Iberoamericanos (CEIB); Celso Juan Marranzini, presidente del Consejo Nacional de la Empresa Privada (CONEP); y Mar\u00eda Paz Jerv\u00edz, presidenta ejecutiva de la C\u00e1mara de Industrias y de la Producci\u00f3n de Ecuador.<\/p>\n\n\n\n<p>Durante el \u00faltimo d\u00eda de esta cita empresarial internacional se desarrollaron los paneles: \u201cLa igualdad de g\u00e9nero como motor transformador de las nuevas transiciones\u201d; \u201cInfraestructuras, energ\u00eda y transici\u00f3n ecol\u00f3gica en Iberoam\u00e9rica\u201d; \u201cConectividad y transformaci\u00f3n digital para una innovaci\u00f3n productiva y sostenible\u201d y \u201cTurismo en Iberoam\u00e9rica: la gran palanca para la recuperaci\u00f3n\u201d.&nbsp;<\/p>\n\n\n\n<p>El XIV Encuentro Empresarial Iberoamericano fue organizado por el Consejo Nacional de la Empresa Privada (CONEP), junto a la Secretar\u00eda General Iberoamericana (SEGIB) y el Consejo de Empresarios Iberoamericanos (CEIB), y se realiz\u00f3 en el marco de la XXVIII Cumbre Iberoamericana de Jefas y Jefes de Estado y de Gobierno.&nbsp;<\/p>\n\n\n\n<p>Durante la segunda jornada del XIV Encuentro Empresarial Iberoamericano se realiz\u00f3 el traspaso de la presidencia <em>pro tempore<\/em> del Consejo de Empresarios Iberoamericanos que, en este caso, recay\u00f3 en la presidenta de la Federaci\u00f3n Nacional de C\u00e1maras de Industrias de Ecuador y presidenta ejecutiva de CIP, Mar\u00eda Paz Jervis.<\/p>\n\n\n\n<p>El XIV Encuentro Empresarial ha sido el de mayor concurrencia, con m\u00e1s de 1,765 personas registradas en total, de las cuales m\u00e1s de 1,500 asistieron de forma presencial y el resto pudo dar seguimiento al contenido de forma virtual y en diferido.<\/p>\n","protected":false},"excerpt":{"rendered":"<p>SANTO DOMINGO, Rep\u00fablica Dominicana.- El rey Felipe VI clausur\u00f3 este viernes el XIV Encuentro Empresarial Iberoamericano haciendo un llamado por una puesta en com\u00fan para la recuperaci\u00f3n econ\u00f3mica y seguir trabajando juntos y encontrar las v\u00edas adecuadas para contrarrestar las fuerzas desestabilizadoras de la econom\u00eda. \u201cSe trata, de ese modo, aproximar nuestras econom\u00edas y crecimiento [&hellip;]<\/p>\n","protected":false},"author":1,"featured_media":383037,"comment_status":"open","ping_status":"open","sticky":false,"template":"","format":"standard","meta":{"_bbp_topic_count":0,"_bbp_reply_count":0,"_bbp_total_topic_count":0,"_bbp_total_reply_count":0,"_bbp_voice_count":0,"_bbp_anonymous_reply_count":0,"_bbp_topic_count_hidden":0,"_bbp_reply_count_hidden":0,"_bbp_forum_subforum_count":0,"footnotes":""},"categories":[61],"tags":[],"class_list":{"0":"post-383036","1":"post","2":"type-post","3":"status-publish","4":"format-standard","5":"has-post-thumbnail","7":"category-mundo"},"_links":{"self":[{"href":"https:\/\/primermomento.com\/index.php?rest_route=\/wp\/v2\/posts\/383036","targetHints":{"allow":["GET"]}}],"collection":[{"href":"https:\/\/primermomento.com\/index.php?rest_route=\/wp\/v2\/posts"}],"about":[{"href":"https:\/\/primermomento.com\/index.php?rest_route=\/wp\/v2\/types\/post"}],"author":[{"embeddable":true,"href":"https:\/\/primermomento.com\/index.php?rest_route=\/wp\/v2\/users\/1"}],"replies":[{"embeddable":true,"href":"https:\/\/primermomento.com\/index.php?rest_route=%2Fwp%2Fv2%2Fcomments&post=383036"}],"version-history":[{"count":1,"href":"https:\/\/primermomento.com\/index.php?rest_route=\/wp\/v2\/posts\/383036\/revisions"}],"predecessor-version":[{"id":383038,"href":"https:\/\/primermomento.com\/index.php?rest_route=\/wp\/v2\/posts\/383036\/revisions\/383038"}],"wp:featuredmedia":[{"embeddable":true,"href":"https:\/\/primermomento.com\/index.php?rest_route=\/wp\/v2\/media\/383037"}],"wp:attachment":[{"href":"https:\/\/primermomento.com\/index.php?rest_route=%2Fwp%2Fv2%2Fmedia&parent=383036"}],"wp:term":[{"taxonomy":"category","embeddable":true,"href":"https:\/\/primermomento.com\/index.php?rest_route=%2Fwp%2Fv2%2Fcategories&post=383036"},{"taxonomy":"post_tag","embeddable":true,"href":"https:\/\/primermomento.com\/index.php?rest_route=%2Fwp%2Fv2%2Ftags&post=383036"}],"curies":[{"name":"wp","href":"https:\/\/api.w.org\/{rel}","templated":true}]}}