{"id":383042,"date":"2023-03-25T07:03:29","date_gmt":"2023-03-25T11:03:29","guid":{"rendered":"https:\/\/primermomento.com\/?p=383042"},"modified":"2023-03-25T12:49:45","modified_gmt":"2023-03-25T16:49:45","slug":"presidente-abinader-aboga-por-democracias-revitalizadas-y-mejorar-la-vida-de-todos-los-ciudadanos","status":"publish","type":"post","link":"https:\/\/primermomento.com\/?p=383042","title":{"rendered":"Presidente Abinader aboga por democracias revitalizadas y mejora de vida de todos los ciudadanos"},"content":{"rendered":"\n<p>SANTO DOMINGO, Rep\u00fablica Dominicana.- El presidente Luis Abinader abog\u00f3 este viernes, en el acto de inauguraci\u00f3n de la vig\u00e9sima octava Cumbre Iberoamericana de Jefas y Jefes de Estado y de Gobierno, por sociedades m\u00e1s justas y sostenibles para todos, con democracias revitalizadas, defensa de libertades, pol\u00edticas p\u00fablicas efectivas e instituciones fortalecidas para mejorar la vida de todos sus ciudadanos.<\/p>\n\n\n\n<p>Acompa\u00f1ado por la primera dama Raquel Arbaje, el mandatario encabez\u00f3 en la Fortaleza Ozama, el acto de inauguraci\u00f3n de esta cumbre, a la que asistieron, entre otros, el secretario general iberoamericano, Andr\u00e9s Allamand; el rey de Espa\u00f1a, Felipe VI, as\u00ed como los presidentes y jefes de Estado, de Argentina, Chile, Cuba, Ecuador, Honduras, Paraguay, Portugal, Uruguay, el gobernador de Puerto Rico.<\/p>\n\n\n\n<p>Tambi\u00e9n estuvieron presentes, la vicepresidenta Raquel Pe\u00f1a y el ministro administrativo de la Presidencia, Jos\u00e9 Ignacio Paliza.<\/p>\n\n\n\n<p>La cumbre, m\u00e1xima instancia de la Conferencia Iberoamericana, sirve de escenario para adoptar instrumentos tendentes a garantizar el desarrollo de la regi\u00f3n mediante la concertaci\u00f3n pol\u00edtica y cooperaci\u00f3n entre las 22 naciones que la integran, para brindar respuesta colectiva a los desaf\u00edos actuales.<\/p>\n\n\n\n<p>En este sentido, el mandatario dominicano manifest\u00f3 que la democracia y la libertad se ven afectadas \u201cpor una polarizaci\u00f3n avasallante del debate pol\u00edtico y una insatisfacci\u00f3n creciente con la calidad de la gobernanza democr\u00e1tica, escenario en el que florecen los discursos extremistas y la sombra amenazadora del autoritarismo\u201d.<\/p>\n\n\n\n<p>En cuanto a las pol\u00edticas p\u00fablicas y el fortalecimiento de las instituciones agreg\u00f3 que \u201curge repensar un sistema financiero global m\u00e1s justo, que nos permita invertir para crear las bases de un desarrollo econ\u00f3mico verde, equitativo y duradero\u201d.<\/p>\n\n\n\n<p>De su lado, el secretario general iberoamericano, Andr\u00e9s Allamand, expres\u00f3 que el contexto regional en que tiene lugar esta cumbre entremezcla las oportunidades y los desaf\u00edos, citando en el primer rengl\u00f3n, la transformaci\u00f3n digital como canal para impactar positivamente el funcionamiento de la econom\u00eda, el aprendizaje y la igualdad de oportunidades.<\/p>\n\n\n\n<p>En tanto que representa un desaf\u00edo enfrentar la desigualdad que azota la regi\u00f3n para mejorar la gobernabilidad democr\u00e1tica y aumentar la confianza en todos los niveles, concluy\u00f3 Allamand.<\/p>\n\n\n\n<p><strong>Juntos por una Iberoam\u00e9rica justa y sostenible<\/strong><\/p>\n\n\n\n<p>Bajo el lema \u201cJuntos por una Iberoam\u00e9rica justa y sostenible\u201d, este s\u00e1bado 25 de marzo ser\u00e1 la sesi\u00f3n plenariade la XXVIII Cumbre Iberoamericana de Jefas y Jefes de Estado y de Gobierno en el Centro de Convenciones del Ministerio de Relaciones Exteriores.<\/p>\n\n\n\n<p>Asimismo, la Rep\u00fablica Dominicana concluir\u00e1 su Secretar\u00eda Pro Tempore (SPT), que ostenta desde 2021, y entregar\u00e1 la antorcha a Ecuador, con grandes logros y con un posicionamiento internacional fortalecido.<\/p>\n\n\n\n<p>En el di\u00e1logo que dirigir\u00e1 el presidente Luis Abinader se adoptar\u00e1n tres documentos: La Ruta Cr\u00edtica de Seguridad Alimentaria Incluyente y Sostenible en Iberoam\u00e9rica; la Carta Medioambiental Iberoamericana y la Carta Iberoamericana de Principios y Derechos en los Entornos Digitales.<\/p>\n\n\n\n<p>Durante los d\u00edas 22, 23 y 24 de marzo, se llevaron a cabo la reuni\u00f3n de coordinadores nacionales y responsables de cooperaci\u00f3n; la reuni\u00f3n de ministras y ministros de Relaciones Exteriores iberoamericanos y el Encuentro Empresarial Iberoamericano, entre otras actividades.<\/p>\n","protected":false},"excerpt":{"rendered":"<p>SANTO DOMINGO, Rep\u00fablica Dominicana.- El presidente Luis Abinader abog\u00f3 este viernes, en el acto de inauguraci\u00f3n de la vig\u00e9sima octava Cumbre Iberoamericana de Jefas y Jefes de Estado y de Gobierno, por sociedades m\u00e1s justas y sostenibles para todos, con democracias revitalizadas, defensa de libertades, pol\u00edticas p\u00fablicas efectivas e instituciones fortalecidas para mejorar la vida [&hellip;]<\/p>\n","protected":false},"author":1,"featured_media":383043,"comment_status":"open","ping_status":"open","sticky":false,"template":"","format":"standard","meta":{"_bbp_topic_count":0,"_bbp_reply_count":0,"_bbp_total_topic_count":0,"_bbp_total_reply_count":0,"_bbp_voice_count":0,"_bbp_anonymous_reply_count":0,"_bbp_topic_count_hidden":0,"_bbp_reply_count_hidden":0,"_bbp_forum_subforum_count":0,"footnotes":""},"categories":[61],"tags":[],"class_list":{"0":"post-383042","1":"post","2":"type-post","3":"status-publish","4":"format-standard","5":"has-post-thumbnail","7":"category-mundo"},"_links":{"self":[{"href":"https:\/\/primermomento.com\/index.php?rest_route=\/wp\/v2\/posts\/383042","targetHints":{"allow":["GET"]}}],"collection":[{"href":"https:\/\/primermomento.com\/index.php?rest_route=\/wp\/v2\/posts"}],"about":[{"href":"https:\/\/primermomento.com\/index.php?rest_route=\/wp\/v2\/types\/post"}],"author":[{"embeddable":true,"href":"https:\/\/primermomento.com\/index.php?rest_route=\/wp\/v2\/users\/1"}],"replies":[{"embeddable":true,"href":"https:\/\/primermomento.com\/index.php?rest_route=%2Fwp%2Fv2%2Fcomments&post=383042"}],"version-history":[{"count":3,"href":"https:\/\/primermomento.com\/index.php?rest_route=\/wp\/v2\/posts\/383042\/revisions"}],"predecessor-version":[{"id":383055,"href":"https:\/\/primermomento.com\/index.php?rest_route=\/wp\/v2\/posts\/383042\/revisions\/383055"}],"wp:featuredmedia":[{"embeddable":true,"href":"https:\/\/primermomento.com\/index.php?rest_route=\/wp\/v2\/media\/383043"}],"wp:attachment":[{"href":"https:\/\/primermomento.com\/index.php?rest_route=%2Fwp%2Fv2%2Fmedia&parent=383042"}],"wp:term":[{"taxonomy":"category","embeddable":true,"href":"https:\/\/primermomento.com\/index.php?rest_route=%2Fwp%2Fv2%2Fcategories&post=383042"},{"taxonomy":"post_tag","embeddable":true,"href":"https:\/\/primermomento.com\/index.php?rest_route=%2Fwp%2Fv2%2Ftags&post=383042"}],"curies":[{"name":"wp","href":"https:\/\/api.w.org\/{rel}","templated":true}]}}