{"id":383046,"date":"2023-03-25T06:06:00","date_gmt":"2023-03-25T10:06:00","guid":{"rendered":"https:\/\/primermomento.com\/?p=383046"},"modified":"2023-03-25T11:59:29","modified_gmt":"2023-03-25T15:59:29","slug":"comenzo-en-dominicana-xxviii-cumbre-iberoamericana","status":"publish","type":"post","link":"https:\/\/primermomento.com\/?p=383046","title":{"rendered":"Comenz\u00f3 en Dominicana XXVIII Cumbre Iberoamericana"},"content":{"rendered":"\n<p>SANTO DOMINGO, Rep\u00fablica Dominicana.- Los l\u00edderes de Am\u00e9rica Latina y el Caribe, Espa\u00f1a, Portugal y Andorra comenzaron aqu\u00ed la XXVIII Cumbre Iberoamericana de Jefes de Estado y de Gobierno, bajo el lema \u201cJuntos por una Iberoam\u00e9rica justa y sostenible\u201d.<\/p>\n\n\n\n<p>La cita, a la cual concurren los pa\u00edses miembros de la tambi\u00e9n conocida como Comunidad Iberoamericana de Naciones, buscar\u00e1 la obtenci\u00f3n de resultados concretos que tengan un impacto positivo en la calidad de vida de los iberoamericanos.<\/p>\n\n\n\n<p>Lo anterior lo expres\u00f3 el secretario general iberoamericano, Andr\u00e9s Allamand, al intervenir en el acto inaugural efectuado anoche en la Fortaleza Santo Domingo, ubicada en la Zona Colonial.<\/p>\n\n\n\n<p>Allamand se\u00f1al\u00f3 que esta ser\u00e1 una cumbre dedicada a las personas y dirigida a tener resultados concretos y para lograrlos se someter\u00e1 a la consideraci\u00f3n de los pa\u00edses, la Carta Medioambiental Iberoamericana, la Estrategia de Seguridad Alimentaria y la Carta de Principios y Derechos Digitales.<\/p>\n\n\n\n<p>Por su parte, el presidente dominicano, Luis Abinader, al hablar ante los presentes subray\u00f3 la unidad existente entre los pa\u00edses de la comunidad iberoamericana no solo por las lenguas, la historia o la geograf\u00eda, \u201cson m\u00e1s lazos los que nos unen que los que nos separan\u201d.<\/p>\n\n\n\n<p>Y expres\u00f3 como \u201cla divina providencia coloc\u00f3 a los dominicanos en el centro del continente, nexo entre Europa y el Nuevo Mundo. Hoy, en un momento crucial para la humanidad, cuando nos enfrentamos a un cambio de \u00e9poca, paradigmas que d\u00e1bamos por sentados, por ello es necesario buscar una utop\u00eda posible\u201d.<\/p>\n\n\n\n<p>El mandatario tambi\u00e9n record\u00f3 que la regi\u00f3n enfrenta retos comunes los cuales requieren respuestas colectivas.<\/p>\n\n\n\n<p>Finalmente dijo: \u201cnos queda un largo camino por recorrer, y en esa andadura, hace falta que, como l\u00edderes en quienes han depositado su confianza nuestros pueblos, desarrollemos la capacidad para superar las diferencias pol\u00edticas y dialogar de forma sincera y amigable\u201d.<\/p>\n\n\n\n<p>Como colof\u00f3n de la inauguraci\u00f3n fue presentado un espect\u00e1culo art\u00edstico de gran colorido y calidad, el cual fue ovacionado por los participantes.<\/p>\n\n\n\n<p>Concluida la actividad inicial de la Cumbre, los gobernantes participaron en una cena ofrecida por el jefe de Estado de esta naci\u00f3n a sus hom\u00f3logos presentes y jefes de delegaciones e invitados.<\/p>\n\n\n\n<p>Hoy desde las 09:00, hora local, sesionar\u00e1 el evento en el Centro de Convenciones del Ministerio de Relaciones Exteriores dominicano, en el cual los jefes de Estado y de Gobierno intervendr\u00e1n, y posteriormente ser\u00e1n aprobados los documentos de la Cumbre, entre ellos la Declaraci\u00f3n de Santo Domingo.<\/p>\n\n\n\n<p class=\"has-text-align-right\"><em>L<\/em><\/p>\n","protected":false},"excerpt":{"rendered":"<p>SANTO DOMINGO, Rep\u00fablica Dominicana.- Los l\u00edderes de Am\u00e9rica Latina y el Caribe, Espa\u00f1a, Portugal y Andorra comenzaron aqu\u00ed la XXVIII Cumbre Iberoamericana de Jefes de Estado y de Gobierno, bajo el lema \u201cJuntos por una Iberoam\u00e9rica justa y sostenible\u201d. La cita, a la cual concurren los pa\u00edses miembros de la tambi\u00e9n conocida como Comunidad Iberoamericana [&hellip;]<\/p>\n","protected":false},"author":1,"featured_media":383047,"comment_status":"open","ping_status":"open","sticky":false,"template":"","format":"standard","meta":{"_bbp_topic_count":0,"_bbp_reply_count":0,"_bbp_total_topic_count":0,"_bbp_total_reply_count":0,"_bbp_voice_count":0,"_bbp_anonymous_reply_count":0,"_bbp_topic_count_hidden":0,"_bbp_reply_count_hidden":0,"_bbp_forum_subforum_count":0,"footnotes":""},"categories":[61],"tags":[],"class_list":{"0":"post-383046","1":"post","2":"type-post","3":"status-publish","4":"format-standard","5":"has-post-thumbnail","7":"category-mundo"},"_links":{"self":[{"href":"https:\/\/primermomento.com\/index.php?rest_route=\/wp\/v2\/posts\/383046","targetHints":{"allow":["GET"]}}],"collection":[{"href":"https:\/\/primermomento.com\/index.php?rest_route=\/wp\/v2\/posts"}],"about":[{"href":"https:\/\/primermomento.com\/index.php?rest_route=\/wp\/v2\/types\/post"}],"author":[{"embeddable":true,"href":"https:\/\/primermomento.com\/index.php?rest_route=\/wp\/v2\/users\/1"}],"replies":[{"embeddable":true,"href":"https:\/\/primermomento.com\/index.php?rest_route=%2Fwp%2Fv2%2Fcomments&post=383046"}],"version-history":[{"count":4,"href":"https:\/\/primermomento.com\/index.php?rest_route=\/wp\/v2\/posts\/383046\/revisions"}],"predecessor-version":[{"id":383093,"href":"https:\/\/primermomento.com\/index.php?rest_route=\/wp\/v2\/posts\/383046\/revisions\/383093"}],"wp:featuredmedia":[{"embeddable":true,"href":"https:\/\/primermomento.com\/index.php?rest_route=\/wp\/v2\/media\/383047"}],"wp:attachment":[{"href":"https:\/\/primermomento.com\/index.php?rest_route=%2Fwp%2Fv2%2Fmedia&parent=383046"}],"wp:term":[{"taxonomy":"category","embeddable":true,"href":"https:\/\/primermomento.com\/index.php?rest_route=%2Fwp%2Fv2%2Fcategories&post=383046"},{"taxonomy":"post_tag","embeddable":true,"href":"https:\/\/primermomento.com\/index.php?rest_route=%2Fwp%2Fv2%2Ftags&post=383046"}],"curies":[{"name":"wp","href":"https:\/\/api.w.org\/{rel}","templated":true}]}}