{"id":383085,"date":"2023-03-25T10:28:47","date_gmt":"2023-03-25T14:28:47","guid":{"rendered":"https:\/\/primermomento.com\/?p=383085"},"modified":"2023-03-25T16:49:59","modified_gmt":"2023-03-25T20:49:59","slug":"en-vivo-primera-sesion-de-la-xxviii-cumbre-iberoamericana","status":"publish","type":"post","link":"https:\/\/primermomento.com\/?p=383085","title":{"rendered":"EN VIVO | Primera sesi\u00f3n de la XXVIII Cumbre Iberoamericana"},"content":{"rendered":"\n<ul class=\"wp-block-list\">\n<li><strong>Llegan cinco presidentes y un vicepresidente para participar en la XXVIII Cumbre Iberoamericana<\/strong><\/li>\n<\/ul>\n\n\n\n<p>SANTO DOMINGO, Rep\u00fablica Dominicana.- Los presidentes de cuatro pa\u00edses y un vicepresidente llegaron anoche al pa\u00eds para participar en la XXVIII Cumbre Iberoamericana de Jefas y Jefes de Estado y de Gobierno que se inaugur\u00f3 anoche y que concluye hoy s\u00e1bado con la presencia de 22 naciones de Iberoam\u00e9rica.<\/p>\n\n\n\n<p>El presidente de Cuba, Miguel D\u00edaz-Canel, lleg\u00f3 al pa\u00eds acompa\u00f1ado de su esposa, la primera dama Lis Soto, a las 4:53 de la tarde.<\/p>\n\n\n\n<p>El mandatario cubano fue recibido por Milagros Soto Ag\u00fcero, Dimas Lima, David D\u00edaz, Rafael M\u00e1rquez, \u00c1ngel Marrero Garate, Luis Hern\u00e1ndez, Misael Reyes, Elier Teller\u00eda, Daniel Men\u00e9ndez, Manuel Garc\u00eda.<\/p>\n\n\n\n<p>Luego, pasadas las 5:45 de la tarde, arrib\u00f3 al pa\u00eds el presidente de Argentina, Alberto Fern\u00e1ndez, acompa\u00f1ado de su esposa, la primera dama Fabiola Y\u00e1nez.<\/p>\n\n\n\n<p>Recibieron al mandatario argentino, el viceministro para Asuntos Econ\u00f3micos y Cooperaci\u00f3n Internacional, Hugo Rivera, la embajadora en el pa\u00eds por Argentina, Nora Capello.<\/p>\n\n\n\n<p>Asimismo, a las 6:47 lleg\u00f3 a suelo dominicano el presidente de Bolivia, Luis Alberto Arce, para su participaci\u00f3n en la XXVIII Cumbre Iberoamericana.<\/p>\n\n\n\n<p>Despu\u00e9s, pasadas las 7:45 de la noche, lleg\u00f3 al pa\u00eds el presidente de Espa\u00f1a, Pedro S\u00e1nchez, acompa\u00f1ado de su esposa, Bego\u00f1a G\u00f3mez.<\/p>\n\n\n\n<p>S\u00e1nchez fue recibido por el embajador de Espa\u00f1a en la Rep\u00fablica Dominicana, Antonio P\u00e9rez-Hern\u00e1ndez; el embajador de Rep\u00fablica en Espa\u00f1a, Juan Bol\u00edvar D\u00edaz; el c\u00f3nsul, Pablo G\u00f3mez; Javier Triana; Ricardo Gonz\u00e1lez; V\u00edctor Navarro; Santiago P\u00e9rez, y el director del departamento aeroportuario, V\u00edctor Pichardo.<\/p>\n\n\n\n<p>A las 9:30 de la noche, lleg\u00f3 a suelo dominicano el vicepresidente de El Salvador, F\u00e9lix Ulloa.<\/p>\n\n\n\n<p>De igual forma, a las 10:00 de la noche arrib\u00f3 al pa\u00eds, el jefe de Estado de Colombia, Gustavo Petro, para su participaci\u00f3n en la XXVIII Cumbre Iberoamericana.<\/p>\n\n\n\n<p>Se espera que en la madrugada del s\u00e1bado llegue al pa\u00eds el presidente de Costa Rica, Rodrigo Chaves y en la ma\u00f1ana, el vicepresidente de Panam\u00e1, Jos\u00e9 Gabriel Carrizo Ja\u00e9n.<\/p>\n","protected":false},"excerpt":{"rendered":"<p>SANTO DOMINGO, Rep\u00fablica Dominicana.- Los presidentes de cuatro pa\u00edses y un vicepresidente llegaron anoche al pa\u00eds para participar en la XXVIII Cumbre Iberoamericana de Jefas y Jefes de Estado y de Gobierno que se inaugur\u00f3 anoche y que concluye hoy s\u00e1bado con la presencia de 22 naciones de Iberoam\u00e9rica. El presidente de Cuba, Miguel D\u00edaz-Canel, [&hellip;]<\/p>\n","protected":false},"author":1,"featured_media":383095,"comment_status":"open","ping_status":"open","sticky":false,"template":"","format":"video","meta":{"_bbp_topic_count":0,"_bbp_reply_count":0,"_bbp_total_topic_count":0,"_bbp_total_reply_count":0,"_bbp_voice_count":0,"_bbp_anonymous_reply_count":0,"_bbp_topic_count_hidden":0,"_bbp_reply_count_hidden":0,"_bbp_forum_subforum_count":0,"footnotes":""},"categories":[61,106],"tags":[],"class_list":{"0":"post-383085","1":"post","2":"type-post","3":"status-publish","4":"format-video","5":"has-post-thumbnail","7":"category-mundo","8":"category-video-news","9":"post_format-post-format-video"},"_links":{"self":[{"href":"https:\/\/primermomento.com\/index.php?rest_route=\/wp\/v2\/posts\/383085","targetHints":{"allow":["GET"]}}],"collection":[{"href":"https:\/\/primermomento.com\/index.php?rest_route=\/wp\/v2\/posts"}],"about":[{"href":"https:\/\/primermomento.com\/index.php?rest_route=\/wp\/v2\/types\/post"}],"author":[{"embeddable":true,"href":"https:\/\/primermomento.com\/index.php?rest_route=\/wp\/v2\/users\/1"}],"replies":[{"embeddable":true,"href":"https:\/\/primermomento.com\/index.php?rest_route=%2Fwp%2Fv2%2Fcomments&post=383085"}],"version-history":[{"count":2,"href":"https:\/\/primermomento.com\/index.php?rest_route=\/wp\/v2\/posts\/383085\/revisions"}],"predecessor-version":[{"id":383089,"href":"https:\/\/primermomento.com\/index.php?rest_route=\/wp\/v2\/posts\/383085\/revisions\/383089"}],"wp:featuredmedia":[{"embeddable":true,"href":"https:\/\/primermomento.com\/index.php?rest_route=\/wp\/v2\/media\/383095"}],"wp:attachment":[{"href":"https:\/\/primermomento.com\/index.php?rest_route=%2Fwp%2Fv2%2Fmedia&parent=383085"}],"wp:term":[{"taxonomy":"category","embeddable":true,"href":"https:\/\/primermomento.com\/index.php?rest_route=%2Fwp%2Fv2%2Fcategories&post=383085"},{"taxonomy":"post_tag","embeddable":true,"href":"https:\/\/primermomento.com\/index.php?rest_route=%2Fwp%2Fv2%2Ftags&post=383085"}],"curies":[{"name":"wp","href":"https:\/\/api.w.org\/{rel}","templated":true}]}}