{"id":383130,"date":"2023-03-26T11:24:04","date_gmt":"2023-03-26T15:24:04","guid":{"rendered":"https:\/\/primermomento.com\/?p=383130"},"modified":"2023-03-28T06:52:21","modified_gmt":"2023-03-28T10:52:21","slug":"cumbre-iberoamericana-aprueba-enfrentar-desafios-comunes-de-la-region","status":"publish","type":"post","link":"https:\/\/primermomento.com\/?p=383130","title":{"rendered":"Cumbre Iberoamericana aprueba enfrentar desaf\u00edos comunes de la regi\u00f3n"},"content":{"rendered":"\n<p>SANTO DOMINGO, Rep\u00fablica Dominicana.- La XXVIII Cumbre Iberoamericana de Jefes de Estado y de Gobierno, concluy\u00f3 aqu\u00ed con la aprobaci\u00f3n de acuerdos dirigidos a abordar los desaf\u00edos comunes de la regi\u00f3n.<\/p>\n\n\n\n<p>Lo anterior fue refrendado en la Declaraci\u00f3n de Santo Domingo, aprobada este s\u00e1bado y en el Programa de Acci\u00f3n de la Cumbre y el III Plan de Acci\u00f3n Cuatrienal de la Cooperaci\u00f3n Iberoamericana para el per\u00edodo 2023-2026.<\/p>\n\n\n\n<p>Adem\u00e1s en los 16 comunicados especiales con propuestas en el \u00e1mbito econ\u00f3mico, social, de energ\u00edas sostenibles o para la recuperaci\u00f3n del sector tur\u00edstico, entre otros temas, aprobados.<\/p>\n\n\n\n<p>Y en tres instrumentos clave para el futuro de la regi\u00f3n: La Carta Medioambiental Iberoamericana, La Ruta Cr\u00edtica para alcanzar una Seguridad Alimentaria Incluyente y Sostenible en Iberoam\u00e9rica y La Carta Iberoamericana de Principios y Derechos en Entornos Digitales.<\/p>\n\n\n\n<p>En la Declaraci\u00f3n de Santo Domingo, adem\u00e1s de las cuestiones ya se\u00f1aladas se incluy\u00f3 el tema de la seguridad alimentaria, fortaleciendo el comercio abierto, libre y no discriminatorio, desarrollando cadenas agroalimentarias de suministro incluyentes y resilientes y consolidando la agricultura familiar, entre otras medidas.<\/p>\n\n\n\n<p>Con respecto al \u00e1mbito de la transformaci\u00f3n digital, junto a la carta, se mencion\u00f3 como para que el avance tecnol\u00f3gico actual ampl\u00ede el acceso a los derechos, los pa\u00edses iberoamericanos deben reducir las desigualdades y cerrar la brecha digital, impulsar el acceso conectividad asequible y de calidad.<\/p>\n\n\n\n<p>Tambi\u00e9n es se\u00f1alado en el documento aprobado por los Jefes de Estado, el potencial estrat\u00e9gico de la cooperaci\u00f3n iberoamericana para promover las relaciones con otras regiones y crear sinergias con m\u00e1s actores de la cooperaci\u00f3n internacional.<\/p>\n\n\n\n<p>Asimismo, en materia econ\u00f3mica, se aprob\u00f3 un Comunicado Especial sobre Arquitectura Financiera Internacional que aboga por una reforma estructural de las condiciones de financiamiento internacional para ampliar el acceso de los pa\u00edses de renta media y baja a recursos para el desarrollo sostenible.<\/p>\n\n\n\n<p>El texto subray\u00f3 la necesidad de contar con instrumentos financieros innovadores, con condiciones que faciliten el endeudamiento sostenible para mitigar los efectos del cambio clim\u00e1tico y la adaptaci\u00f3n al mismo.<\/p>\n\n\n\n<p>Finalmente, la Declaraci\u00f3n subray\u00f3 el compromiso de transversalizaci\u00f3n de la igualdad y la equidad de g\u00e9nero en toda la acci\u00f3n de la Comunidad Iberoamericana, as\u00ed como la inclusi\u00f3n de la perspectiva de g\u00e9nero en todos los acuerdos alcanzados en la presente Cumbre.<\/p>\n\n\n\n<p class=\"has-text-align-right\"><em>PL<\/em><\/p>\n","protected":false},"excerpt":{"rendered":"<p>SANTO DOMINGO, Rep\u00fablica Dominicana.- La XXVIII Cumbre Iberoamericana de Jefes de Estado y de Gobierno, concluy\u00f3 aqu\u00ed con la aprobaci\u00f3n de acuerdos dirigidos a abordar los desaf\u00edos comunes de la regi\u00f3n. Lo anterior fue refrendado en la Declaraci\u00f3n de Santo Domingo, aprobada este s\u00e1bado y en el Programa de Acci\u00f3n de la Cumbre y el [&hellip;]<\/p>\n","protected":false},"author":1,"featured_media":383095,"comment_status":"open","ping_status":"open","sticky":false,"template":"","format":"standard","meta":{"_bbp_topic_count":0,"_bbp_reply_count":0,"_bbp_total_topic_count":0,"_bbp_total_reply_count":0,"_bbp_voice_count":0,"_bbp_anonymous_reply_count":0,"_bbp_topic_count_hidden":0,"_bbp_reply_count_hidden":0,"_bbp_forum_subforum_count":0,"footnotes":""},"categories":[61],"tags":[],"class_list":{"0":"post-383130","1":"post","2":"type-post","3":"status-publish","4":"format-standard","5":"has-post-thumbnail","7":"category-mundo"},"_links":{"self":[{"href":"https:\/\/primermomento.com\/index.php?rest_route=\/wp\/v2\/posts\/383130","targetHints":{"allow":["GET"]}}],"collection":[{"href":"https:\/\/primermomento.com\/index.php?rest_route=\/wp\/v2\/posts"}],"about":[{"href":"https:\/\/primermomento.com\/index.php?rest_route=\/wp\/v2\/types\/post"}],"author":[{"embeddable":true,"href":"https:\/\/primermomento.com\/index.php?rest_route=\/wp\/v2\/users\/1"}],"replies":[{"embeddable":true,"href":"https:\/\/primermomento.com\/index.php?rest_route=%2Fwp%2Fv2%2Fcomments&post=383130"}],"version-history":[{"count":1,"href":"https:\/\/primermomento.com\/index.php?rest_route=\/wp\/v2\/posts\/383130\/revisions"}],"predecessor-version":[{"id":383131,"href":"https:\/\/primermomento.com\/index.php?rest_route=\/wp\/v2\/posts\/383130\/revisions\/383131"}],"wp:featuredmedia":[{"embeddable":true,"href":"https:\/\/primermomento.com\/index.php?rest_route=\/wp\/v2\/media\/383095"}],"wp:attachment":[{"href":"https:\/\/primermomento.com\/index.php?rest_route=%2Fwp%2Fv2%2Fmedia&parent=383130"}],"wp:term":[{"taxonomy":"category","embeddable":true,"href":"https:\/\/primermomento.com\/index.php?rest_route=%2Fwp%2Fv2%2Fcategories&post=383130"},{"taxonomy":"post_tag","embeddable":true,"href":"https:\/\/primermomento.com\/index.php?rest_route=%2Fwp%2Fv2%2Ftags&post=383130"}],"curies":[{"name":"wp","href":"https:\/\/api.w.org\/{rel}","templated":true}]}}