{"id":383249,"date":"2023-03-28T08:15:06","date_gmt":"2023-03-28T12:15:06","guid":{"rendered":"https:\/\/primermomento.com\/?p=383249"},"modified":"2023-03-28T11:59:11","modified_gmt":"2023-03-28T15:59:11","slug":"alto-representante-de-la-ue-felicito-a-presidente-luis-abinader","status":"publish","type":"post","link":"https:\/\/primermomento.com\/?p=383249","title":{"rendered":"Alto Representante de la UE felicit\u00f3 a presidente Luis Abinader"},"content":{"rendered":"\n<p>SANTO DOMINGO, Rep\u00fablica Dominicana.- El alto representante para Pol\u00edtica Exterior de la Uni\u00f3n Europea (UE), Josep Borrell, felicit\u00f3 al presidente dominicano, Luis Abinader, por la celebraci\u00f3n de la Cumbre Iberoamericana, divulg\u00f3 la Presidencia.<\/p>\n\n\n\n<p>De acuerdo con una nota de prensa, Borrell tambi\u00e9n anunci\u00f3 un nuevo programa de apoyo presupuestario para Dominicana de 13 millones de euros para la transici\u00f3n a una econom\u00eda verde y m\u00e1s inclusiva.<\/p>\n\n\n\n<p>Asimismo, explic\u00f3 que el programa forma parte de la Iniciativa Equipo Europa en Rep\u00fablica Dominicana y que apoyar\u00e1 en el marco nacional de gesti\u00f3n de finanzas p\u00fablicas, as\u00ed como en la competitividad y sostenibilidad a las Mipymes con atenci\u00f3n particular a las mujeres y j\u00f3venes.<\/p>\n\n\n\n<p>Las declaraciones del diplom\u00e1tico espa\u00f1ol se produjeron durante una visita que efectu\u00f3 a la Oficina Privada Presidencial, en el marco de su participaci\u00f3n en la Cumbre.<\/p>\n\n\n\n<p>La informaci\u00f3n precis\u00f3 que en el encuentro el alto representante respald\u00f3 la posici\u00f3n de Rep\u00fablica Dominicana sobre la preocupante situaci\u00f3n que atraviesa Hait\u00ed.<\/p>\n\n\n\n<p>El funcionario europeo invit\u00f3 al presidente de esta naci\u00f3n a la Cumbre Uni\u00f3n Europea y Comunidad de Estados Latinoamericanos y Caribe\u00f1os que tendr\u00e1 lugar en Bruselas, B\u00e9lgica, el 17 y 18 de julio.<\/p>\n\n\n\n<p class=\"has-text-align-right\"><em>PL<\/em><\/p>\n","protected":false},"excerpt":{"rendered":"<p>SANTO DOMINGO, Rep\u00fablica Dominicana.- El alto representante para Pol\u00edtica Exterior de la Uni\u00f3n Europea (UE), Josep Borrell, felicit\u00f3 al presidente dominicano, Luis Abinader, por la celebraci\u00f3n de la Cumbre Iberoamericana, divulg\u00f3 la Presidencia. De acuerdo con una nota de prensa, Borrell tambi\u00e9n anunci\u00f3 un nuevo programa de apoyo presupuestario para Dominicana de 13 millones de [&hellip;]<\/p>\n","protected":false},"author":1,"featured_media":383250,"comment_status":"open","ping_status":"open","sticky":false,"template":"","format":"standard","meta":{"_bbp_topic_count":0,"_bbp_reply_count":0,"_bbp_total_topic_count":0,"_bbp_total_reply_count":0,"_bbp_voice_count":0,"_bbp_anonymous_reply_count":0,"_bbp_topic_count_hidden":0,"_bbp_reply_count_hidden":0,"_bbp_forum_subforum_count":0,"footnotes":""},"categories":[61],"tags":[],"class_list":{"0":"post-383249","1":"post","2":"type-post","3":"status-publish","4":"format-standard","5":"has-post-thumbnail","7":"category-mundo"},"_links":{"self":[{"href":"https:\/\/primermomento.com\/index.php?rest_route=\/wp\/v2\/posts\/383249","targetHints":{"allow":["GET"]}}],"collection":[{"href":"https:\/\/primermomento.com\/index.php?rest_route=\/wp\/v2\/posts"}],"about":[{"href":"https:\/\/primermomento.com\/index.php?rest_route=\/wp\/v2\/types\/post"}],"author":[{"embeddable":true,"href":"https:\/\/primermomento.com\/index.php?rest_route=\/wp\/v2\/users\/1"}],"replies":[{"embeddable":true,"href":"https:\/\/primermomento.com\/index.php?rest_route=%2Fwp%2Fv2%2Fcomments&post=383249"}],"version-history":[{"count":2,"href":"https:\/\/primermomento.com\/index.php?rest_route=\/wp\/v2\/posts\/383249\/revisions"}],"predecessor-version":[{"id":383253,"href":"https:\/\/primermomento.com\/index.php?rest_route=\/wp\/v2\/posts\/383249\/revisions\/383253"}],"wp:featuredmedia":[{"embeddable":true,"href":"https:\/\/primermomento.com\/index.php?rest_route=\/wp\/v2\/media\/383250"}],"wp:attachment":[{"href":"https:\/\/primermomento.com\/index.php?rest_route=%2Fwp%2Fv2%2Fmedia&parent=383249"}],"wp:term":[{"taxonomy":"category","embeddable":true,"href":"https:\/\/primermomento.com\/index.php?rest_route=%2Fwp%2Fv2%2Fcategories&post=383249"},{"taxonomy":"post_tag","embeddable":true,"href":"https:\/\/primermomento.com\/index.php?rest_route=%2Fwp%2Fv2%2Ftags&post=383249"}],"curies":[{"name":"wp","href":"https:\/\/api.w.org\/{rel}","templated":true}]}}