{"id":383283,"date":"2023-03-28T09:00:00","date_gmt":"2023-03-28T13:00:00","guid":{"rendered":"https:\/\/primermomento.com\/?p=383283"},"modified":"2023-03-31T19:09:22","modified_gmt":"2023-03-31T23:09:22","slug":"farmacias-del-pueblo-refuerzaran-hospitales-durante-la-semana-santa","status":"publish","type":"post","link":"https:\/\/primermomento.com\/?p=383283","title":{"rendered":"Farmacias del Pueblo reforzar\u00e1n hospitales durante la Semana Santa"},"content":{"rendered":"\n<p>SANTO DOMINGO, Rep\u00fablica Dominicana.- El director del Programa de Medicamentos Esenciales y Central de Apoyo Log\u00edstico (PROMESE\/CAL), Adolfo P\u00e9rez, inform\u00f3 que han dispuesto horarios especiales para las Farmacias del Pueblo ubicadas en los centros de salud pr\u00f3ximos a zonas tur\u00edsticas debido al feriado por Semana Santa.<\/p>\n\n\n\n<p>Igualmente, P\u00e9rez dijo que han estado trabajando junto al Servicio Nacional de Salud (SNS), para garantizar que los hospitales p\u00fablicos est\u00e9n totalmente abastecidos, d\u00e1ndole mayor atenci\u00f3n a los traumatol\u00f3gicos, a los fines de que puedan brindar una respuesta r\u00e1pida y efectiva en los casos que pudieran presentarse.<\/p>\n\n\n\n<p>\u201cTambi\u00e9n estamos suministrando medicamentos e insumos al Ministerio de Salud P\u00fablica, a la Defensa Civil, y organismos de socorro, para los operativos y botiquines de primeros auxilios, que se entregar\u00e1 a la poblaci\u00f3n en diferentes puntos del pa\u00eds\u201d, puntualiz\u00f3.<\/p>\n\n\n\n<p>Detall\u00f3 que se mantienen reabasteciendo las Farmacias del Pueblo, para que las personas que visiten los lugares de diversi\u00f3n y esparcimiento, cuenten con medicamentos de manera oportuna, en caso de que lo necesiten.<\/p>\n\n\n\n<p>En ese sentido explic\u00f3 que, las Farmacias del Pueblo cercanas a las zonas de mayor afluencia durante la Semana Mayor, se mantendr\u00e1n ofreciendo servicio el Viernes y S\u00e1bado Santo, y el Domingo de Resurrecci\u00f3n.<\/p>\n\n\n\n<p>\u00abEstamos comprometidos con llevarles tranquilidad a la ciudadan\u00eda en estos d\u00edas de reflexi\u00f3n, para que, en caso de que se les presente alguna situaci\u00f3n; tengan a la mano los&nbsp; medicamentos\u00bb, indic\u00f3 el director de PROMESE\/CAL.<\/p>\n\n\n\n<p>P\u00e9rez aprovech\u00f3 para hacer un llamado a la poblaci\u00f3n a que disfrute del asueto, con prudencia y moderaci\u00f3n, y tomar las precauciones de lugar que, garanticen la seguridad de todos.<\/p>\n\n\n\n<p><strong>Farmacias del Pueblo que se mantendr\u00e1n abierta durante feriado<\/strong><\/p>\n\n\n\n<p>Las Farmacias del Pueblo que estar\u00e1n abiertas el Viernes y S\u00e1bado Santo de 8 de la ma\u00f1ana hasta las 4 de la tarde, y el Domingo de Resurrecci\u00f3n de 8 de la ma\u00f1ana a 12 del mediod\u00eda son: en Santo Domingo las ubicadas en Ciudad Salud, hospitales Luis Eduardo Aybar, Francisco Moscoso Puello, Robert Read Cabral, y el Dar\u00edo Contreras.<\/p>\n\n\n\n<p>En la regi\u00f3n Norte las de los hospitales Antonio Yapour de Nagua, Desiderio Acosta en Rio San Juan, Pablo Paulino en Las Terrenas y Leopoldo Pou en Saman\u00e1. En Santiago estar\u00e1n abiertas la del hospital Jos\u00e9 Mar\u00eda Cabral y B\u00e1ez,&nbsp; Ricardo Limardo, Los Charamicos, Luis Morillo King, el Juan Bosch, Gautier Vidal, Pedro Antonio C\u00e9spedes, y la Farmacia del Pueblo del Pedro Marchena.<\/p>\n\n\n\n<p>En el Este estar\u00e1n abiertas las Farmacias del Pueblo localizadas en los hospitales: Antonio Musa de San Pedro de Macor\u00eds, Nuestra Se\u00f1ora de La Altagracia de Hig\u00fcey.<\/p>\n\n\n\n<p>&nbsp;y la Unap Ver\u00f3n-Punta Cana.&nbsp;<\/p>\n\n\n\n<p>Y en el Sur estar\u00e1n disponibles las Farmacias del Pueblo ubicadas en los hospitales Nuestra Se\u00f1ora de Regla de Ban\u00ed, el Taiw\u00e1n de Azua, el Elio Fiallo de Pedernales y el Jaime Mota de Barahona.<\/p>\n\n\n\n<p><strong>Sobre PROMESE\/CAL<\/strong><\/p>\n\n\n\n<p>El Programa de Medicamento Esenciales y Central de Apoyo Log\u00edstico, PROMESE\/CAL, es la \u00fanica central de suministro de medicamentos, insumos sanitarios y reactivos de laboratorio para la red del hospitales del Servicio Nacional de Salud. Adem\u00e1s, realiza dispensaci\u00f3n farmac\u00e9utica ambulatoria a trav\u00e9s de su red de Farmacias del Pueblo, ubicadas en todo el territorio nacional, y que benefician mensualmente a m\u00e1s de 4 millones de dominicanos. Para m\u00e1s informaci\u00f3n visite: <a href=\"https:\/\/promesecal.gob.do\/index.php\">https:\/\/promesecal.gob.do\/index.php<\/a><\/p>\n","protected":false},"excerpt":{"rendered":"<p>SANTO DOMINGO, Rep\u00fablica Dominicana.- El director del Programa de Medicamentos Esenciales y Central de Apoyo Log\u00edstico (PROMESE\/CAL), Adolfo P\u00e9rez, inform\u00f3 que han dispuesto horarios especiales para las Farmacias del Pueblo ubicadas en los centros de salud pr\u00f3ximos a zonas tur\u00edsticas debido al feriado por Semana Santa. Igualmente, P\u00e9rez dijo que han estado trabajando junto al [&hellip;]<\/p>\n","protected":false},"author":1,"featured_media":383284,"comment_status":"open","ping_status":"open","sticky":false,"template":"","format":"standard","meta":{"_bbp_topic_count":0,"_bbp_reply_count":0,"_bbp_total_topic_count":0,"_bbp_total_reply_count":0,"_bbp_voice_count":0,"_bbp_anonymous_reply_count":0,"_bbp_topic_count_hidden":0,"_bbp_reply_count_hidden":0,"_bbp_forum_subforum_count":0,"footnotes":""},"categories":[109,36],"tags":[],"class_list":{"0":"post-383283","1":"post","2":"type-post","3":"status-publish","4":"format-standard","5":"has-post-thumbnail","7":"category-eleccion","8":"category-salud"},"_links":{"self":[{"href":"https:\/\/primermomento.com\/index.php?rest_route=\/wp\/v2\/posts\/383283","targetHints":{"allow":["GET"]}}],"collection":[{"href":"https:\/\/primermomento.com\/index.php?rest_route=\/wp\/v2\/posts"}],"about":[{"href":"https:\/\/primermomento.com\/index.php?rest_route=\/wp\/v2\/types\/post"}],"author":[{"embeddable":true,"href":"https:\/\/primermomento.com\/index.php?rest_route=\/wp\/v2\/users\/1"}],"replies":[{"embeddable":true,"href":"https:\/\/primermomento.com\/index.php?rest_route=%2Fwp%2Fv2%2Fcomments&post=383283"}],"version-history":[{"count":2,"href":"https:\/\/primermomento.com\/index.php?rest_route=\/wp\/v2\/posts\/383283\/revisions"}],"predecessor-version":[{"id":383588,"href":"https:\/\/primermomento.com\/index.php?rest_route=\/wp\/v2\/posts\/383283\/revisions\/383588"}],"wp:featuredmedia":[{"embeddable":true,"href":"https:\/\/primermomento.com\/index.php?rest_route=\/wp\/v2\/media\/383284"}],"wp:attachment":[{"href":"https:\/\/primermomento.com\/index.php?rest_route=%2Fwp%2Fv2%2Fmedia&parent=383283"}],"wp:term":[{"taxonomy":"category","embeddable":true,"href":"https:\/\/primermomento.com\/index.php?rest_route=%2Fwp%2Fv2%2Fcategories&post=383283"},{"taxonomy":"post_tag","embeddable":true,"href":"https:\/\/primermomento.com\/index.php?rest_route=%2Fwp%2Fv2%2Ftags&post=383283"}],"curies":[{"name":"wp","href":"https:\/\/api.w.org\/{rel}","templated":true}]}}