{"id":383345,"date":"2023-03-29T08:19:00","date_gmt":"2023-03-29T12:19:00","guid":{"rendered":"https:\/\/primermomento.com\/?p=383345"},"modified":"2023-03-29T14:21:39","modified_gmt":"2023-03-29T18:21:39","slug":"mexico-ya-tiene-detenidos-por-incendio-en-albergue-de-migrantes","status":"publish","type":"post","link":"https:\/\/primermomento.com\/?p=383345","title":{"rendered":"M\u00e9xico ya tiene detenidos por incendio en albergue de migrantes"},"content":{"rendered":"\n<p>CIUDAD DE M\u00c9XICO, M\u00e9xico.- El canciller de M\u00e9xico, Marcelo Ebrard, anunci\u00f3 hoy que hay detenidos ya por el incendio en un albergue de migrantes que ocasion\u00f3 la muerte de 38 extranjeros y lesiones graves a otros 29.<\/p>\n\n\n\n<p>De acuerdo con el secretario, quien se traslad\u00f3 a Ciudad de Ju\u00e1rez para inspeccionar el establecimiento del Instituto Nacional de Migraci\u00f3n (INM), donde ocupantes prendieron fuego a colchonetas en una protesta, los responsables directos fueron presentados a la fiscal\u00eda local.<\/p>\n\n\n\n<p>Ebrard expres\u00f3 en redes sociales que seg\u00fan se nos ha informado por esas dependencias, los responsables directos de los hechos comparecen ante la Fiscal\u00eda General de la Rep\u00fablica.<\/p>\n\n\n\n<p>Report\u00f3 que se estableci\u00f3 contacto con Colombia, Ecuador, Guatemala, Honduras, El Salvador y Venezuela para informar de la tragedia ocurrida en Ciudad Ju\u00e1rez y apoyar a sus consulados para auxiliar a v\u00edctimas y familias afectadas.<\/p>\n\n\n\n<p>Les transmit\u00ed la profunda indignaci\u00f3n de M\u00e9xico por lo acaecido y la voluntad del Gobierno y pueblo por esclarecer los hechos y sancionar a los responsables\u201d, a\u00f1adi\u00f3.<\/p>\n\n\n\n<p>Dijo que la Secretar\u00eda de Relaciones Exteriores solicita\u00f3 la de Gobernaci\u00f3n y al INM la informaci\u00f3n necesaria para compartirla con los pa\u00edses hermanos mencionados y agreg\u00f3 que es una gran tristeza lo ocurrido.<\/p>\n\n\n\n<p>El presidente Andr\u00e9s Manuel L\u00f3pez Obrador volvi\u00f3 a abordar el tema este mi\u00e9rcoles en su conferencia de prensa matutina, en la cual explic\u00f3 que las investigaciones est\u00e1 en manos de la Fiscal\u00eda General.<\/p>\n\n\n\n<p>Critic\u00f3 a la prensa derechista que enciende las alarmas sin tener todos los detalles del hecho y obvian las averiguaciones profesionales que se hacen en torno al lamentable hecho.<\/p>\n\n\n\n<p>El gobernante insisti\u00f3 en que en el fondo est\u00e1 el tema de la desesperaci\u00f3n de la gente de salir de sus pa\u00edses porque no se atacan como debe ser las causas del \u00e9xodo que, aunque ha bajado algo, se mantiene en muchos pa\u00edses de la regi\u00f3n.<\/p>\n\n\n\n<p>Dijo que la secretaria de Seguridad, Icela Rodr\u00edguez. ser\u00e1 la encargada de informar y que no se culpar\u00e1n a inocentes, asegur\u00f3.<\/p>\n\n\n\n<p class=\"has-text-align-right\"><em>PL<\/em><\/p>\n","protected":false},"excerpt":{"rendered":"<p>CIUDAD DE M\u00c9XICO, M\u00e9xico.- El canciller de M\u00e9xico, Marcelo Ebrard, anunci\u00f3 hoy que hay detenidos ya por el incendio en un albergue de migrantes que ocasion\u00f3 la muerte de 38 extranjeros y lesiones graves a otros 29. De acuerdo con el secretario, quien se traslad\u00f3 a Ciudad de Ju\u00e1rez para inspeccionar el establecimiento del Instituto [&hellip;]<\/p>\n","protected":false},"author":1,"featured_media":383346,"comment_status":"open","ping_status":"open","sticky":false,"template":"","format":"standard","meta":{"_bbp_topic_count":0,"_bbp_reply_count":0,"_bbp_total_topic_count":0,"_bbp_total_reply_count":0,"_bbp_voice_count":0,"_bbp_anonymous_reply_count":0,"_bbp_topic_count_hidden":0,"_bbp_reply_count_hidden":0,"_bbp_forum_subforum_count":0,"footnotes":""},"categories":[30,109],"tags":[],"class_list":{"0":"post-383345","1":"post","2":"type-post","3":"status-publish","4":"format-standard","5":"has-post-thumbnail","7":"category-actualidad","8":"category-eleccion"},"_links":{"self":[{"href":"https:\/\/primermomento.com\/index.php?rest_route=\/wp\/v2\/posts\/383345","targetHints":{"allow":["GET"]}}],"collection":[{"href":"https:\/\/primermomento.com\/index.php?rest_route=\/wp\/v2\/posts"}],"about":[{"href":"https:\/\/primermomento.com\/index.php?rest_route=\/wp\/v2\/types\/post"}],"author":[{"embeddable":true,"href":"https:\/\/primermomento.com\/index.php?rest_route=\/wp\/v2\/users\/1"}],"replies":[{"embeddable":true,"href":"https:\/\/primermomento.com\/index.php?rest_route=%2Fwp%2Fv2%2Fcomments&post=383345"}],"version-history":[{"count":1,"href":"https:\/\/primermomento.com\/index.php?rest_route=\/wp\/v2\/posts\/383345\/revisions"}],"predecessor-version":[{"id":383347,"href":"https:\/\/primermomento.com\/index.php?rest_route=\/wp\/v2\/posts\/383345\/revisions\/383347"}],"wp:featuredmedia":[{"embeddable":true,"href":"https:\/\/primermomento.com\/index.php?rest_route=\/wp\/v2\/media\/383346"}],"wp:attachment":[{"href":"https:\/\/primermomento.com\/index.php?rest_route=%2Fwp%2Fv2%2Fmedia&parent=383345"}],"wp:term":[{"taxonomy":"category","embeddable":true,"href":"https:\/\/primermomento.com\/index.php?rest_route=%2Fwp%2Fv2%2Fcategories&post=383345"},{"taxonomy":"post_tag","embeddable":true,"href":"https:\/\/primermomento.com\/index.php?rest_route=%2Fwp%2Fv2%2Ftags&post=383345"}],"curies":[{"name":"wp","href":"https:\/\/api.w.org\/{rel}","templated":true}]}}