{"id":383420,"date":"2023-03-30T10:53:13","date_gmt":"2023-03-30T14:53:13","guid":{"rendered":"https:\/\/primermomento.com\/?p=383420"},"modified":"2023-03-30T16:07:56","modified_gmt":"2023-03-30T20:07:56","slug":"nueve-muertos-al-estrellarse-helicopteros-del-ejercito-de-eeuu","status":"publish","type":"post","link":"https:\/\/primermomento.com\/?p=383420","title":{"rendered":"Nueve muertos al estrellarse helic\u00f3pteros del Ej\u00e9rcito de EEUU"},"content":{"rendered":"\n<p>KENTUCKY, EEUU.- Nueve soldados murieron cuando dos helic\u00f3pteros del Ej\u00e9rcito de Estados Unidos que volaban desde la base militar de Fort Campbell se estrellaron en el condado de Trigg, al suroeste de Kentucky, inform\u00f3 hoy la prensa.<\/p>\n\n\n\n<p>Seg\u00fan report\u00f3 el diario The Washington Post, la portavoz de Fort Campbell, Nondice Thurman, dijo en un correo electr\u00f3nico que se proporcionar\u00edan m\u00e1s actualizaciones la tarde de este jueves en una rueda de prensa.<\/p>\n\n\n\n<p>Los helic\u00f3pteros HH-60 Black Hawk operados por la 101 Divisi\u00f3n Aerotransportada se estrellaron durante una \u00abmisi\u00f3n de entrenamiento de rutina\u00bb alrededor de las 22:00, hora local, notific\u00f3 anteriormente un comunicado de la oficina de asuntos p\u00fablicos de la base.<\/p>\n\n\n\n<p>\u00abEl comando est\u00e1 actualmente centrado en el cuidado de los militares y sus familias\u00bb, agreg\u00f3 el texto al a\u00f1adir que el incidente est\u00e1 bajo investigaci\u00f3n.<\/p>\n\n\n\n<p>Fort Campbell, localizada en las fronteras de los estados de Kentucky y Tennessee, es una instalaci\u00f3n que cobija a las fuerzas de contingencia de mayor despliegue y cuenta con una dotaci\u00f3n de m\u00e1s de 27 mil soldados.<\/p>\n\n\n\n<p class=\"has-text-align-right\"><em>PL<\/em><\/p>\n","protected":false},"excerpt":{"rendered":"<p>KENTUCKY, EEUU.- Nueve soldados murieron cuando dos helic\u00f3pteros del Ej\u00e9rcito de Estados Unidos que volaban desde la base militar de Fort Campbell se estrellaron en el condado de Trigg, al suroeste de Kentucky, inform\u00f3 hoy la prensa. Seg\u00fan report\u00f3 el diario The Washington Post, la portavoz de Fort Campbell, Nondice Thurman, dijo en un correo [&hellip;]<\/p>\n","protected":false},"author":1,"featured_media":383421,"comment_status":"open","ping_status":"open","sticky":false,"template":"","format":"standard","meta":{"_bbp_topic_count":0,"_bbp_reply_count":0,"_bbp_total_topic_count":0,"_bbp_total_reply_count":0,"_bbp_voice_count":0,"_bbp_anonymous_reply_count":0,"_bbp_topic_count_hidden":0,"_bbp_reply_count_hidden":0,"_bbp_forum_subforum_count":0,"footnotes":""},"categories":[61],"tags":[],"class_list":{"0":"post-383420","1":"post","2":"type-post","3":"status-publish","4":"format-standard","5":"has-post-thumbnail","7":"category-mundo"},"_links":{"self":[{"href":"https:\/\/primermomento.com\/index.php?rest_route=\/wp\/v2\/posts\/383420","targetHints":{"allow":["GET"]}}],"collection":[{"href":"https:\/\/primermomento.com\/index.php?rest_route=\/wp\/v2\/posts"}],"about":[{"href":"https:\/\/primermomento.com\/index.php?rest_route=\/wp\/v2\/types\/post"}],"author":[{"embeddable":true,"href":"https:\/\/primermomento.com\/index.php?rest_route=\/wp\/v2\/users\/1"}],"replies":[{"embeddable":true,"href":"https:\/\/primermomento.com\/index.php?rest_route=%2Fwp%2Fv2%2Fcomments&post=383420"}],"version-history":[{"count":1,"href":"https:\/\/primermomento.com\/index.php?rest_route=\/wp\/v2\/posts\/383420\/revisions"}],"predecessor-version":[{"id":383422,"href":"https:\/\/primermomento.com\/index.php?rest_route=\/wp\/v2\/posts\/383420\/revisions\/383422"}],"wp:featuredmedia":[{"embeddable":true,"href":"https:\/\/primermomento.com\/index.php?rest_route=\/wp\/v2\/media\/383421"}],"wp:attachment":[{"href":"https:\/\/primermomento.com\/index.php?rest_route=%2Fwp%2Fv2%2Fmedia&parent=383420"}],"wp:term":[{"taxonomy":"category","embeddable":true,"href":"https:\/\/primermomento.com\/index.php?rest_route=%2Fwp%2Fv2%2Fcategories&post=383420"},{"taxonomy":"post_tag","embeddable":true,"href":"https:\/\/primermomento.com\/index.php?rest_route=%2Fwp%2Fv2%2Ftags&post=383420"}],"curies":[{"name":"wp","href":"https:\/\/api.w.org\/{rel}","templated":true}]}}