{"id":383438,"date":"2023-03-30T12:30:00","date_gmt":"2023-03-30T16:30:00","guid":{"rendered":"https:\/\/primermomento.com\/?p=383438"},"modified":"2023-03-30T18:08:10","modified_gmt":"2023-03-30T22:08:10","slug":"afirma-presidente-abinader-defiende-soberania-nacional-y-la-dominicanidad","status":"publish","type":"post","link":"https:\/\/primermomento.com\/?p=383438","title":{"rendered":"Afirma presidente Abinader defiende soberan\u00eda nacional y la dominicanidad"},"content":{"rendered":"\n<p>SANTIAGO, Rep\u00fablica Dominicana.- En un emotivo discurso pronunciado con motivo del 179 aniversario de la Batalla del 30 de Marzo en Santiago, encabezado por el presidente Luis Abinader y con la presencia de miles de personas, el presidente de la Comisi\u00f3n Permanente de Efem\u00e9rides Patrias dijo:&nbsp; \u201cque la dominicanidad es una epopeya existencial construida sobre la base de una lucha identitaria que nos califica como uno de los pueblos m\u00e1s combativos y legendarios en la defensa y desarrollo de nuestra naci\u00f3n en la historia regional y universal.\u201d<\/p>\n\n\n\n<p>Juna Pablo Uribe, contin\u00fao diciendo, \u201cprecisamente un 30 de marzo de 1844, se escribi\u00f3 una estrofa victoriosa de nuestra epopeya existencial en estas tierras cibae\u00f1as de Santiago, cuando derrotamos al poderoso y mayoritario ej\u00e9rcito de Hait\u00ed, negado brutalmente a reconocer nuestra independencia, garantizando as\u00ed la libertad proclamada el 27 de febrero de 1844\u201d.<\/p>\n\n\n\n<p>El incumbente de la entidad encargada de los rituales patrios, estableci\u00f3 que la intenci\u00f3n de la celebraci\u00f3n patri\u00f3tica del 30 de marzo&nbsp; y de otras efem\u00e9rides, \u201ces&nbsp; difundir y consolidar el esp\u00edritu de la&nbsp; dominicanidad en cuanto orgullo de soberan\u00eda nacional y fuerza material y moral que impulsa el progreso del pa\u00eds, por encima de las dificultades mundiales e isle\u00f1as,&nbsp; sin mirar atr\u00e1s, siempre adelante como lo hicieron los&nbsp; independentistas de 1844 y todos los patriotas que sienten en su coraz\u00f3n el amor y la dignidad de la Rep\u00fablica Dominicana\u201d.<\/p>\n\n\n\n<p>Uribe habl\u00f3 sentenciando, \u201ccomo la historia no es est\u00e1tica, el pasado nos sirve de ense\u00f1anza en el presente y gu\u00eda para el porvenir, por eso, con el valor de los hombres del 30 de marzo de 1844, el presidente Luis Abinader defiende la soberan\u00eda nacional y los intereses de la dominicanidad, y &nbsp;por esto asume, a prop\u00f3sito de que estamos en la productiva regi\u00f3n del Cibao el tema del arroz y el Tratado de Libre Comercio como un factor de soberan\u00eda alimentaria y libertad productiva estrat\u00e9gica para los dominicanos, eso es actuar como un l\u00edder responsable con sentido de patria y de la historia\u201d, concluy\u00f3 el presidente de la Comisi\u00f3n Permanente de Efem\u00e9rides Patrias.<\/p>\n\n\n\n<p>Los actos comenzaron a las 8:00 de la ma\u00f1ana, con una ceremonia patri\u00f3tica c\u00edvico-militar y policial continuaron a las 9:00, con el Tedeum en la catedral metropolitana Santiago Ap\u00f3stol.<\/p>\n","protected":false},"excerpt":{"rendered":"<p>SANTIAGO, Rep\u00fablica Dominicana.- En un emotivo discurso pronunciado con motivo del 179 aniversario de la Batalla del 30 de Marzo en Santiago, encabezado por el presidente Luis Abinader y con la presencia de miles de personas, el presidente de la Comisi\u00f3n Permanente de Efem\u00e9rides Patrias dijo:&nbsp; \u201cque la dominicanidad es una epopeya existencial construida sobre [&hellip;]<\/p>\n","protected":false},"author":1,"featured_media":383439,"comment_status":"open","ping_status":"open","sticky":false,"template":"","format":"standard","meta":{"_bbp_topic_count":0,"_bbp_reply_count":0,"_bbp_total_topic_count":0,"_bbp_total_reply_count":0,"_bbp_voice_count":0,"_bbp_anonymous_reply_count":0,"_bbp_topic_count_hidden":0,"_bbp_reply_count_hidden":0,"_bbp_forum_subforum_count":0,"footnotes":""},"categories":[30,109],"tags":[],"class_list":{"0":"post-383438","1":"post","2":"type-post","3":"status-publish","4":"format-standard","5":"has-post-thumbnail","7":"category-actualidad","8":"category-eleccion"},"_links":{"self":[{"href":"https:\/\/primermomento.com\/index.php?rest_route=\/wp\/v2\/posts\/383438","targetHints":{"allow":["GET"]}}],"collection":[{"href":"https:\/\/primermomento.com\/index.php?rest_route=\/wp\/v2\/posts"}],"about":[{"href":"https:\/\/primermomento.com\/index.php?rest_route=\/wp\/v2\/types\/post"}],"author":[{"embeddable":true,"href":"https:\/\/primermomento.com\/index.php?rest_route=\/wp\/v2\/users\/1"}],"replies":[{"embeddable":true,"href":"https:\/\/primermomento.com\/index.php?rest_route=%2Fwp%2Fv2%2Fcomments&post=383438"}],"version-history":[{"count":2,"href":"https:\/\/primermomento.com\/index.php?rest_route=\/wp\/v2\/posts\/383438\/revisions"}],"predecessor-version":[{"id":383470,"href":"https:\/\/primermomento.com\/index.php?rest_route=\/wp\/v2\/posts\/383438\/revisions\/383470"}],"wp:featuredmedia":[{"embeddable":true,"href":"https:\/\/primermomento.com\/index.php?rest_route=\/wp\/v2\/media\/383439"}],"wp:attachment":[{"href":"https:\/\/primermomento.com\/index.php?rest_route=%2Fwp%2Fv2%2Fmedia&parent=383438"}],"wp:term":[{"taxonomy":"category","embeddable":true,"href":"https:\/\/primermomento.com\/index.php?rest_route=%2Fwp%2Fv2%2Fcategories&post=383438"},{"taxonomy":"post_tag","embeddable":true,"href":"https:\/\/primermomento.com\/index.php?rest_route=%2Fwp%2Fv2%2Ftags&post=383438"}],"curies":[{"name":"wp","href":"https:\/\/api.w.org\/{rel}","templated":true}]}}