{"id":383508,"date":"2023-03-31T14:50:00","date_gmt":"2023-03-31T18:50:00","guid":{"rendered":"https:\/\/primermomento.com\/?p=383508"},"modified":"2023-04-01T13:52:02","modified_gmt":"2023-04-01T17:52:02","slug":"bani-asesinan-a-balazos-a-un-comerciante-y-un-cliente-en-un-negocio-de-venta-de-licores","status":"publish","type":"post","link":"https:\/\/primermomento.com\/?p=383508","title":{"rendered":"BAN\u00cd | Asesinan a balazos a un comerciante y a un cliente en un negocio de venta de licores"},"content":{"rendered":"\n<p>BAN\u00cd, Rep\u00fablica Dominicana.- Las autoridades judiciales y policiales han profundizado las investigaciones a ra\u00edz de un doble asesinato ocurrido la noche de este jueves, por lo que han redoblado la b\u00fasqueda de los sospechosos en base a las pruebas recabadas en el lugar del hecho.<\/p>\n\n\n<div class=\"wp-block-image\">\n<figure class=\"alignleft size-full\"><img loading=\"lazy\" decoding=\"async\" width=\"244\" height=\"348\" src=\"https:\/\/primermomento.com\/wp-content\/uploads\/2023\/03\/image-3.png\" alt=\"\" class=\"wp-image-383511\" srcset=\"https:\/\/primermomento.com\/wp-content\/uploads\/2023\/03\/image-3.png 244w, https:\/\/primermomento.com\/wp-content\/uploads\/2023\/03\/image-3-210x300.png 210w\" sizes=\"auto, (max-width: 244px) 100vw, 244px\" \/><\/figure>\n<\/div>\n\n\n<p>Un comerciante y un trabajador murieron al recibir impactos de bala durante una agresi\u00f3n en un negocio de expendio de bebidas alcoh\u00f3licas en el municipio de Ban\u00ed.<\/p>\n\n\n\n<p>Las v\u00edctimas fueron identificadas como Miguel \u00c1ngel N\u00fa\u00f1ez Guerrero, de 57 a\u00f1os de edad, y Braulio Guillermo Lara Lara, de 46 a\u00f1os de edad, ambos residentes de este municipio.<\/p>\n\n\n\n<p>El hecho se produjo cuando dos sujetos fuertemente armados penetraron al interior de Xavier Licor Store en la intercepci\u00f3n de las calles Uladislao Guerrero y Duverg\u00e9, donde dispararon provocando graves heridas mortales a N\u00fa\u00f1ez y Lara.<\/p>\n\n\n\n<p>Se dijo que a pesar de que N\u00fa\u00f1ez fue llevado gravemente herido a un centro de salud, \u00e9ste falleci\u00f3 cuando era intervenido quir\u00fargicamente.<\/p>\n\n\n\n<p>Al momento de ocurrir el hecho violento, Lara se encontraba en el interior del establecimiento comercial comprando bebidas cuando los dos agresores desconocidos entraron y sin mediar palabra dispararon a quemarropa.<\/p>\n\n\n<div class=\"wp-block-image\">\n<figure class=\"alignright size-full\"><img loading=\"lazy\" decoding=\"async\" width=\"249\" height=\"346\" src=\"https:\/\/primermomento.com\/wp-content\/uploads\/2023\/03\/image-4.png\" alt=\"\" class=\"wp-image-383514\" srcset=\"https:\/\/primermomento.com\/wp-content\/uploads\/2023\/03\/image-4.png 249w, https:\/\/primermomento.com\/wp-content\/uploads\/2023\/03\/image-4-216x300.png 216w\" sizes=\"auto, (max-width: 249px) 100vw, 249px\" \/><\/figure>\n<\/div>\n\n\n<p>Luego de cometer el hecho, los atacantes salieron despavoridos del lugar en un veh\u00edculo que se desconoce la marca, el color y el n\u00famero de matr\u00edcula.<\/p>\n\n\n\n<p>Varios agentes del departamento de Investigaciones y Delitos Criminales (Dicrim) se presentaron en el lugar, y en presencia de la magistrada \u00c1ngela Santana, procedieron al levantamiento de las evidencias, como videos de c\u00e1maras de seguridad y otras pruebas.<\/p>\n\n\n\n<p>El m\u00e9dico legista Walter L\u00f3pez procedi\u00f3 al levantamiento de los cuerpos sin vida, uno en la escena del crimen y el otro en el Centro M\u00e9dico Regional Aguasvivas. Ambos fueron enviados al Instituto Regional de Ciencias Forenses, INACIF, de la provincia de Azua, para los fines legales correspondientes.<\/p>\n\n\n\n<p class=\"has-text-align-right\"> <em>Contribuy\u00f3 con esta historia el comunicador Guaroa And\u00fajar<\/em><\/p>\n","protected":false},"excerpt":{"rendered":"<p>BAN\u00cd, Rep\u00fablica Dominicana.- Las autoridades judiciales y policiales han profundizado las investigaciones a ra\u00edz de un doble asesinato ocurrido la noche de este jueves, por lo que han redoblado la b\u00fasqueda de los sospechosos en base a las pruebas recabadas en el lugar del hecho. Un comerciante y un trabajador murieron al recibir impactos de [&hellip;]<\/p>\n","protected":false},"author":1,"featured_media":383509,"comment_status":"open","ping_status":"open","sticky":false,"template":"","format":"standard","meta":{"_bbp_topic_count":0,"_bbp_reply_count":0,"_bbp_total_topic_count":0,"_bbp_total_reply_count":0,"_bbp_voice_count":0,"_bbp_anonymous_reply_count":0,"_bbp_topic_count_hidden":0,"_bbp_reply_count_hidden":0,"_bbp_forum_subforum_count":0,"footnotes":""},"categories":[30,109],"tags":[],"class_list":{"0":"post-383508","1":"post","2":"type-post","3":"status-publish","4":"format-standard","5":"has-post-thumbnail","7":"category-actualidad","8":"category-eleccion"},"_links":{"self":[{"href":"https:\/\/primermomento.com\/index.php?rest_route=\/wp\/v2\/posts\/383508","targetHints":{"allow":["GET"]}}],"collection":[{"href":"https:\/\/primermomento.com\/index.php?rest_route=\/wp\/v2\/posts"}],"about":[{"href":"https:\/\/primermomento.com\/index.php?rest_route=\/wp\/v2\/types\/post"}],"author":[{"embeddable":true,"href":"https:\/\/primermomento.com\/index.php?rest_route=\/wp\/v2\/users\/1"}],"replies":[{"embeddable":true,"href":"https:\/\/primermomento.com\/index.php?rest_route=%2Fwp%2Fv2%2Fcomments&post=383508"}],"version-history":[{"count":8,"href":"https:\/\/primermomento.com\/index.php?rest_route=\/wp\/v2\/posts\/383508\/revisions"}],"predecessor-version":[{"id":383527,"href":"https:\/\/primermomento.com\/index.php?rest_route=\/wp\/v2\/posts\/383508\/revisions\/383527"}],"wp:featuredmedia":[{"embeddable":true,"href":"https:\/\/primermomento.com\/index.php?rest_route=\/wp\/v2\/media\/383509"}],"wp:attachment":[{"href":"https:\/\/primermomento.com\/index.php?rest_route=%2Fwp%2Fv2%2Fmedia&parent=383508"}],"wp:term":[{"taxonomy":"category","embeddable":true,"href":"https:\/\/primermomento.com\/index.php?rest_route=%2Fwp%2Fv2%2Fcategories&post=383508"},{"taxonomy":"post_tag","embeddable":true,"href":"https:\/\/primermomento.com\/index.php?rest_route=%2Fwp%2Fv2%2Ftags&post=383508"}],"curies":[{"name":"wp","href":"https:\/\/api.w.org\/{rel}","templated":true}]}}