{"id":383557,"date":"2023-03-31T14:48:57","date_gmt":"2023-03-31T18:48:57","guid":{"rendered":"https:\/\/primermomento.com\/?p=383557"},"modified":"2023-04-01T08:30:07","modified_gmt":"2023-04-01T12:30:07","slug":"tribunal-pospone-para-el-19-de-mayo-apelacion-en-caso-odebrecht","status":"publish","type":"post","link":"https:\/\/primermomento.com\/?p=383557","title":{"rendered":"Tribunal pospone para el 19 de mayo apelaci\u00f3n en caso Odebrecht"},"content":{"rendered":"\n<p>SANTO DOMINGO, Rep\u00fablica Dominicana.- La Tercera Sala Penal de la Corte de Apelaci\u00f3n del Distrito Nacional decidi\u00f3 hoy posponer la vista sobre los recursos de apelaci\u00f3n presentados en contra de las sentencias a los imputados en el caso Odebrecht.<\/p>\n\n\n\n<p>El tribunal decidir\u00e1 el pr\u00f3ximo 19 de mayo si V\u00edctor D\u00edaz y \u00c1ngel Rond\u00f3n seguir\u00e1n atados al caso anticorrupci\u00f3n, por el que fueron sentenciados a cinco y ocho a\u00f1os de prisi\u00f3n, respectivamente, y conocer\u00e1n la apelaci\u00f3n por el abogado Conrado Pittaluga, quien fue descargado del proceso penal. En el caso de D\u00edaz, la Procuradur\u00eda Especializada de Persecuci\u00f3n de la Corrupci\u00f3n Administrativa solicit\u00f3 al tribunal acoger las imputaciones por lavado, ya que solo fue condenado por enriquecimiento il\u00edcito y piden sea condenado a 10 a\u00f1os de prisi\u00f3n.<\/p>\n\n\n\n<p>Mientras que en cuanto a Pittaluga, a quien acusa de lavado de activos provenientes de actos de hecho de sobornos, solicitaron una condena de siete a\u00f1os de reclusi\u00f3n.<\/p>\n\n\n\n<p>Por su parte, la defensa de Rond\u00f3n objet\u00f3 su sentencia por sobornos, al indicar que la misma no identifica a los sobornados como manda la ley, solicitando al tribunal la celebraci\u00f3n de un nuevo juicio.<\/p>\n\n\n\n<p>Sin embargo, los representantes del Ministerio P\u00fablico solicitaron al tribunal el rechazo de los recursos de Rond\u00f3n y D\u00edaz porque a su juicio carecen de fundamento legal y \u201ctergiversan los hechos y las pruebas\u201d que habr\u00edan presentado los fiscales en el juicio.<\/p>\n\n\n\n<p>En el juicio concluido el 14 de octubre de 2021, quedaron absueltos adem\u00e1s de Pittaluga, Andr\u00e9s Bautista, Tommy Gal\u00e1n y Roberto Rodr\u00edguez, para quienes se dispuso levantar la medida de coerci\u00f3n en su contra y el cese de toda orden de inmovilizaci\u00f3n de fondos y cancelaci\u00f3n de cualquier oposici\u00f3n a sus bienes.<\/p>\n\n\n\n<p>Los acusados en el mencionado juicio fueron juzgados por recibir sobornos de parte de la constructora brasile\u00f1a para la adjudicaci\u00f3n de obras del Estado por un valor de 92 millones de d\u00f3lares.<\/p>\n\n\n\n<p class=\"has-text-align-right\"><em>PL<\/em><\/p>\n","protected":false},"excerpt":{"rendered":"<p>SANTO DOMINGO, Rep\u00fablica Dominicana.- La Tercera Sala Penal de la Corte de Apelaci\u00f3n del Distrito Nacional decidi\u00f3 hoy posponer la vista sobre los recursos de apelaci\u00f3n presentados en contra de las sentencias a los imputados en el caso Odebrecht. El tribunal decidir\u00e1 el pr\u00f3ximo 19 de mayo si V\u00edctor D\u00edaz y \u00c1ngel Rond\u00f3n seguir\u00e1n atados [&hellip;]<\/p>\n","protected":false},"author":1,"featured_media":383558,"comment_status":"open","ping_status":"open","sticky":false,"template":"","format":"standard","meta":{"_bbp_topic_count":0,"_bbp_reply_count":0,"_bbp_total_topic_count":0,"_bbp_total_reply_count":0,"_bbp_voice_count":0,"_bbp_anonymous_reply_count":0,"_bbp_topic_count_hidden":0,"_bbp_reply_count_hidden":0,"_bbp_forum_subforum_count":0,"footnotes":""},"categories":[109,32],"tags":[],"class_list":{"0":"post-383557","1":"post","2":"type-post","3":"status-publish","4":"format-standard","5":"has-post-thumbnail","7":"category-eleccion","8":"category-lo-ultimo"},"_links":{"self":[{"href":"https:\/\/primermomento.com\/index.php?rest_route=\/wp\/v2\/posts\/383557","targetHints":{"allow":["GET"]}}],"collection":[{"href":"https:\/\/primermomento.com\/index.php?rest_route=\/wp\/v2\/posts"}],"about":[{"href":"https:\/\/primermomento.com\/index.php?rest_route=\/wp\/v2\/types\/post"}],"author":[{"embeddable":true,"href":"https:\/\/primermomento.com\/index.php?rest_route=\/wp\/v2\/users\/1"}],"replies":[{"embeddable":true,"href":"https:\/\/primermomento.com\/index.php?rest_route=%2Fwp%2Fv2%2Fcomments&post=383557"}],"version-history":[{"count":1,"href":"https:\/\/primermomento.com\/index.php?rest_route=\/wp\/v2\/posts\/383557\/revisions"}],"predecessor-version":[{"id":383559,"href":"https:\/\/primermomento.com\/index.php?rest_route=\/wp\/v2\/posts\/383557\/revisions\/383559"}],"wp:featuredmedia":[{"embeddable":true,"href":"https:\/\/primermomento.com\/index.php?rest_route=\/wp\/v2\/media\/383558"}],"wp:attachment":[{"href":"https:\/\/primermomento.com\/index.php?rest_route=%2Fwp%2Fv2%2Fmedia&parent=383557"}],"wp:term":[{"taxonomy":"category","embeddable":true,"href":"https:\/\/primermomento.com\/index.php?rest_route=%2Fwp%2Fv2%2Fcategories&post=383557"},{"taxonomy":"post_tag","embeddable":true,"href":"https:\/\/primermomento.com\/index.php?rest_route=%2Fwp%2Fv2%2Ftags&post=383557"}],"curies":[{"name":"wp","href":"https:\/\/api.w.org\/{rel}","templated":true}]}}