{"id":383570,"date":"2023-03-31T11:26:00","date_gmt":"2023-03-31T15:26:00","guid":{"rendered":"https:\/\/primermomento.com\/?p=383570"},"modified":"2023-03-31T17:31:40","modified_gmt":"2023-03-31T21:31:40","slug":"gobierno-dominicano-agradece-reconocimiento-del-presidente-biden-a-la-lucha-contra-la-corrupcion","status":"publish","type":"post","link":"https:\/\/primermomento.com\/?p=383570","title":{"rendered":"Gobierno dominicano agradece reconocimiento del presidente Biden a la lucha contra la corrupci\u00f3n"},"content":{"rendered":"\n<p>SANTO DOMINGO, Rep\u00fablica Dominicana.- El Gobierno dominicano, a trav\u00e9s de la directora general de \u00c9tica e Integridad Gubernamental (DIGEIG), Milagros Ortiz Bosch, agradeci\u00f3 el gesto del presidente de los Estados Unidos, Joseph Biden, de reconocer los avances del pa\u00eds en la lucha contra la corrupci\u00f3n y asegur\u00f3 que ese logro es resultado de la voluntad pol\u00edtica del Gobierno del presidente Luis Abinader de apoyar la plena independencia de la Justicia y despolitizar los poderes del Estado.<\/p>\n\n\n\n<p>Afirm\u00f3 que el reconocimiento del presidente de Estados Unidos, \u201cconstituye una reiteraci\u00f3n de las razones que motivaron la designaci\u00f3n de la Direcci\u00f3n General de \u00c9tica e Integridad Gubernamental para liderar junto a la Rep\u00fablica de Kosovo la Cohorte de la Cumbre de la Democracia dedicada a la Justicia, como pilar de la democracia\u2019\u2019.<\/p>\n\n\n\n<p>Al exponer en una rueda de prensa celebrada en el Palacio Nacional, la funcionaria agreg\u00f3 que se trata de las mismas razones que reconoci\u00f3 el \u00cdndice de Capacidad para Combatir la Corrupci\u00f3n (CCC), \u201cal publicar nuestros avances en el fortalecimiento de la lucha contra la corrupci\u00f3n en los \u00faltimos dos a\u00f1os\u2019\u2019.<\/p>\n\n\n\n<p>\u201cLa misma a la que Transparencia Internacional reconoci\u00f3 como \u00fanico pa\u00eds del continente que durante la Pandemia creci\u00f3 en transparencia y mantiene constante ese \u00edndice de crecimiento\u2019\u2019, apunt\u00f3 Ortiz Bosch.<\/p>\n\n\n\n<p>Igualmente, cit\u00f3 la declaraci\u00f3n de la organizaci\u00f3n IDEA Internacional valorando la sostenibilidad democr\u00e1tica de la Rep\u00fablica Dominicana.<\/p>\n\n\n\n<p>La exvicepresidenta de la Rep\u00fablica resalt\u00f3 la transformaci\u00f3n de las Comisiones de \u00c9tica en Comisiones de Integridad Gubernamental y Cumplimiento Normativo, nacidas con el Decreto No. 791-21 del presidente Luis Abinader, citadas por el presidente Biden durante su intervenci\u00f3n en la Cumbre por la Democracia.<\/p>\n\n\n\n<p>Dijo que el gobernante estadounidense se refiri\u00f3 a las cien primeras Comisiones elegidas en un proceso democr\u00e1tico, en octubre del 2022, para actuar en las oficinas p\u00fablicas en las que est\u00e1n incluidos todos los ministerios, direcciones generales y los organismos de control de la Rep\u00fablica Dominicana, como instrumento de prevenci\u00f3n de la corrupci\u00f3n hoy establecidas en la administraci\u00f3n p\u00fablica, gestionando sus Mapas de Riesgo, la Pol\u00edtica de Integridad y trabajando en el Plan Nacional contra la Corrupci\u00f3n.<\/p>\n\n\n\n<p>\u201cEsta es la transformaci\u00f3n que valoran las naciones amigas y a la que se ha referido el presidente Biden al reconocer que es el cumplimiento de las normas, de todas las normativas de la administraci\u00f3n p\u00fablica, la mejor estrategia de prevenci\u00f3n y lucha contra la corrupci\u00f3n\u2019\u2019.<\/p>\n\n\n\n<p>Destac\u00f3 los \u201cInformes Pa\u00eds\u201d de las Convenciones de Lucha contra la Corrupci\u00f3n tanto de la Organizaci\u00f3n de los Estados Americanos, como de las Naciones Unidas. \u201cPrecisamente hoy hemos finalizado la evaluaci\u00f3n de los expertos designados por la OEA de Costa Rica y Ecuador\u2019\u2019 para revisar esa convenci\u00f3n, expres\u00f3 Ortiz Bosch.<\/p>\n\n\n\n<p>\u201cSon, adem\u00e1s, los resultados con que las calificadoras de riesgo valoran a la Rep\u00fablica Dominicana porque la honestidad, el cumplimiento de las normas de la Administraci\u00f3n P\u00fablica y la transparencia son valores fundamentales para las inversiones p\u00fablicas o privadas, nacionales o extrajeras\u201d, precis\u00f3.<\/p>\n\n\n\n<p>Manifest\u00f3 que \u201cel logro que hoy se nos reconoce a nivel mundial a trav\u00e9s de la Cumbre por la Democracia, es un resultado de la voluntad pol\u00edtica del Gobierno del presidente Luis Abinader que, desde su primer d\u00eda, ha trabajado para despolitizar y darle plena independencia a los poderes del Estado, especialmente, al sistema judicial, como parte del modelo de desarrollo en democracia que estamos construyendo entre todos y que con propiedad expres\u00f3 en su comparecencia nuestra vicepresidenta, Raquel Pe\u00f1a\u00bb.<\/p>\n\n\n\n<p>\u201cHace un a\u00f1o seleccionaron a la Rep\u00fablica Dominicana, y de mutuo acuerdo con la Canciller\u00eda y la DIGEIG, valorando el tema asignado \u2018Justicia Centrada en las Personas\u2019, decidimos trabajar desde la visi\u00f3n universal que caracterizaba la Cumbre por la Democracia junto a la Rep\u00fablica de Kosovo, Canad\u00e1, Finlandia, Pa\u00edses Bajos, Reino Unido, la Rep\u00fablica Federal Alemana y los Estados Unidos\u2019\u2019.<\/p>\n\n\n\n<p>\u201cMientras impulsamos la propuesta de la Rep\u00fablica Dominicana desde los principales actores de la justicia que pudieran inspirar un di\u00e1logo futuro desde sus experiencias y junto a los Poderes P\u00fablicos: Legislativo, (C\u00e1mara de Diputados y Senado de la Rep\u00fablica), Judicial (Suprema Corte de Justicia y Procuradur\u00eda General de la Rep\u00fablica) y Ejecutivo, en sus m\u00e1ximas autoridades, acompa\u00f1ados de las academias, la sociedad civil, el sector productivo y la Defensor\u00eda P\u00fablica, indispensable para dise\u00f1ar una justicia centrada en las personas, integrados en mesas de trabajo, en 13 reuniones, creamos el compromiso dominicano sobre su visi\u00f3n de justicia, que es presentada en el documento oficial de la Cumbre por la Democracia que hoy entregamos en esta rueda de prensa\u2019\u2019.<\/p>\n\n\n\n<p>La doctora Ortiz Bosch valor\u00f3 el parecer del presidente Biden, expuesto durante su presentaci\u00f3n en la Cumbre por la Democracia sobre el Estado de Derecho y la Justicia Centrada en las Personas, tras reconocer a la Rep\u00fablica Dominicana por la prevenci\u00f3n y lucha contra la corrupci\u00f3n.<\/p>\n","protected":false},"excerpt":{"rendered":"<p>SANTO DOMINGO, Rep\u00fablica Dominicana.- El Gobierno dominicano, a trav\u00e9s de la directora general de \u00c9tica e Integridad Gubernamental (DIGEIG), Milagros Ortiz Bosch, agradeci\u00f3 el gesto del presidente de los Estados Unidos, Joseph Biden, de reconocer los avances del pa\u00eds en la lucha contra la corrupci\u00f3n y asegur\u00f3 que ese logro es resultado de la voluntad [&hellip;]<\/p>\n","protected":false},"author":1,"featured_media":383571,"comment_status":"open","ping_status":"open","sticky":false,"template":"","format":"standard","meta":{"_bbp_topic_count":0,"_bbp_reply_count":0,"_bbp_total_topic_count":0,"_bbp_total_reply_count":0,"_bbp_voice_count":0,"_bbp_anonymous_reply_count":0,"_bbp_topic_count_hidden":0,"_bbp_reply_count_hidden":0,"_bbp_forum_subforum_count":0,"footnotes":""},"categories":[109,61],"tags":[],"class_list":{"0":"post-383570","1":"post","2":"type-post","3":"status-publish","4":"format-standard","5":"has-post-thumbnail","7":"category-eleccion","8":"category-mundo"},"_links":{"self":[{"href":"https:\/\/primermomento.com\/index.php?rest_route=\/wp\/v2\/posts\/383570","targetHints":{"allow":["GET"]}}],"collection":[{"href":"https:\/\/primermomento.com\/index.php?rest_route=\/wp\/v2\/posts"}],"about":[{"href":"https:\/\/primermomento.com\/index.php?rest_route=\/wp\/v2\/types\/post"}],"author":[{"embeddable":true,"href":"https:\/\/primermomento.com\/index.php?rest_route=\/wp\/v2\/users\/1"}],"replies":[{"embeddable":true,"href":"https:\/\/primermomento.com\/index.php?rest_route=%2Fwp%2Fv2%2Fcomments&post=383570"}],"version-history":[{"count":1,"href":"https:\/\/primermomento.com\/index.php?rest_route=\/wp\/v2\/posts\/383570\/revisions"}],"predecessor-version":[{"id":383572,"href":"https:\/\/primermomento.com\/index.php?rest_route=\/wp\/v2\/posts\/383570\/revisions\/383572"}],"wp:featuredmedia":[{"embeddable":true,"href":"https:\/\/primermomento.com\/index.php?rest_route=\/wp\/v2\/media\/383571"}],"wp:attachment":[{"href":"https:\/\/primermomento.com\/index.php?rest_route=%2Fwp%2Fv2%2Fmedia&parent=383570"}],"wp:term":[{"taxonomy":"category","embeddable":true,"href":"https:\/\/primermomento.com\/index.php?rest_route=%2Fwp%2Fv2%2Fcategories&post=383570"},{"taxonomy":"post_tag","embeddable":true,"href":"https:\/\/primermomento.com\/index.php?rest_route=%2Fwp%2Fv2%2Ftags&post=383570"}],"curies":[{"name":"wp","href":"https:\/\/api.w.org\/{rel}","templated":true}]}}