{"id":383675,"date":"2023-04-01T15:51:12","date_gmt":"2023-04-01T19:51:12","guid":{"rendered":"https:\/\/primermomento.com\/?p=383675"},"modified":"2023-04-02T15:50:46","modified_gmt":"2023-04-02T19:50:46","slug":"decomisan-mas-de-2-toneladas-de-cocaina-que-llegaron-de-ecuador","status":"publish","type":"post","link":"https:\/\/primermomento.com\/?p=383675","title":{"rendered":"Decomisan m\u00e1s de 2 toneladas de coca\u00edna que llegaron de Ecuador"},"content":{"rendered":"\n<p>SANTO DOMINGO, Rep\u00fablica Dominicana.- Las autoridades de Rep\u00fablica Dominicana ocuparon m\u00e1s de dos toneladas de coca\u00edna, procedentes de Ecuador y con destino a Holanda, el mayor cargamento de drogas decomisado en un operativo en el pa\u00eds en los \u00faltimos 15 a\u00f1os, inform\u00f3 este s\u00e1bado la Direcci\u00f3n Nacional de Control de Drogas (DNCD).<\/p>\n\n\n\n<p>El alijo lleg\u00f3 al pa\u00eds camuflado en un contenedor de bananos por el Puerto Mutimodal Caucedo, este Santo Domingo.<\/p>\n\n\n\n<p>Estaba distribuido en 2.188 paquetes, con un peso superior a las 2 toneladas, explic\u00f3 la DNCD en rueda de prensa, en la que se\u00f1al\u00f3 que junto al Ministerio P\u00fablico inici\u00f3 \u00abuna exhaustiva investigaci\u00f3n\u00bb en relaci\u00f3n a caso, por el que, hasta el momento, no hay detenidos.<\/p>\n\n\n\n<p>Estad\u00edsticamente, este caso \u00abes calificado como uno de los decomisos m\u00e1s grandes en toda la historia del pa\u00eds\u00bb, de acuerdo con la agencia antidrogas.<\/p>\n\n\n\n<p>Por tratarse de un contenedor de tr\u00e1nsito en el pa\u00eds \u00abla investigaci\u00f3n es m\u00e1s compleja\u00bb por lo que se dar\u00e1n informaciones conforme avancen las pesquisas, agreg\u00f3 la informaci\u00f3n.<\/p>\n\n\n\n<p>Las autoridades de la Rep\u00fablica Dominicana \u00abest\u00e1n compartiendo informaciones\u00bb con Ecuador y Holanda \u00abpara profundizar las indagatorias en relaci\u00f3n al frustrado env\u00edo\u00bb de drogas, apunt\u00f3.<\/p>\n\n\n\n<p class=\"has-text-align-right\"><em>EFE<\/em><\/p>\n","protected":false},"excerpt":{"rendered":"<p>SANTO DOMINGO, Rep\u00fablica Dominicana.- Las autoridades de Rep\u00fablica Dominicana ocuparon m\u00e1s de dos toneladas de coca\u00edna, procedentes de Ecuador y con destino a Holanda, el mayor cargamento de drogas decomisado en un operativo en el pa\u00eds en los \u00faltimos 15 a\u00f1os, inform\u00f3 este s\u00e1bado la Direcci\u00f3n Nacional de Control de Drogas (DNCD). El alijo lleg\u00f3 [&hellip;]<\/p>\n","protected":false},"author":1,"featured_media":383676,"comment_status":"open","ping_status":"open","sticky":false,"template":"","format":"standard","meta":{"_bbp_topic_count":0,"_bbp_reply_count":0,"_bbp_total_topic_count":0,"_bbp_total_reply_count":0,"_bbp_voice_count":0,"_bbp_anonymous_reply_count":0,"_bbp_topic_count_hidden":0,"_bbp_reply_count_hidden":0,"_bbp_forum_subforum_count":0,"footnotes":""},"categories":[61],"tags":[],"class_list":{"0":"post-383675","1":"post","2":"type-post","3":"status-publish","4":"format-standard","5":"has-post-thumbnail","7":"category-mundo"},"_links":{"self":[{"href":"https:\/\/primermomento.com\/index.php?rest_route=\/wp\/v2\/posts\/383675","targetHints":{"allow":["GET"]}}],"collection":[{"href":"https:\/\/primermomento.com\/index.php?rest_route=\/wp\/v2\/posts"}],"about":[{"href":"https:\/\/primermomento.com\/index.php?rest_route=\/wp\/v2\/types\/post"}],"author":[{"embeddable":true,"href":"https:\/\/primermomento.com\/index.php?rest_route=\/wp\/v2\/users\/1"}],"replies":[{"embeddable":true,"href":"https:\/\/primermomento.com\/index.php?rest_route=%2Fwp%2Fv2%2Fcomments&post=383675"}],"version-history":[{"count":1,"href":"https:\/\/primermomento.com\/index.php?rest_route=\/wp\/v2\/posts\/383675\/revisions"}],"predecessor-version":[{"id":383677,"href":"https:\/\/primermomento.com\/index.php?rest_route=\/wp\/v2\/posts\/383675\/revisions\/383677"}],"wp:featuredmedia":[{"embeddable":true,"href":"https:\/\/primermomento.com\/index.php?rest_route=\/wp\/v2\/media\/383676"}],"wp:attachment":[{"href":"https:\/\/primermomento.com\/index.php?rest_route=%2Fwp%2Fv2%2Fmedia&parent=383675"}],"wp:term":[{"taxonomy":"category","embeddable":true,"href":"https:\/\/primermomento.com\/index.php?rest_route=%2Fwp%2Fv2%2Fcategories&post=383675"},{"taxonomy":"post_tag","embeddable":true,"href":"https:\/\/primermomento.com\/index.php?rest_route=%2Fwp%2Fv2%2Ftags&post=383675"}],"curies":[{"name":"wp","href":"https:\/\/api.w.org\/{rel}","templated":true}]}}