{"id":383752,"date":"2023-04-03T08:24:00","date_gmt":"2023-04-03T12:24:00","guid":{"rendered":"https:\/\/primermomento.com\/?p=383752"},"modified":"2023-04-03T09:52:29","modified_gmt":"2023-04-03T13:52:29","slug":"cerca-de-67-mil-arrestados-en-guerra-contra-pandillas-en-el-salvador","status":"publish","type":"post","link":"https:\/\/primermomento.com\/?p=383752","title":{"rendered":"Cerca de 67 mil arrestados en guerra contra pandillas en El Salvador"},"content":{"rendered":"\n<p>SAN SALVADOR, El Salvador.- Un total de 66 mil 757 personas fueron arrestadas hasta hoy en el Salvador por pertenecer presuntamente a las pandillas, inform\u00f3 el ministerio de Justicia y Seguridad.<\/p>\n\n\n\n<p>La guerra contra las pandillas, tambi\u00e9n conocidas aqu\u00ed como maras, propicia que el pa\u00eds disfrute ahora de un ambiente de seguridad no visto en muchos a\u00f1os, donde por ejemplo, en una sola jornada de reportaron 62 asesinatos, aseguran voceros gubernamentales.<\/p>\n\n\n\n<p>\u201cLos resultados a m\u00e1s de un a\u00f1o de implementaci\u00f3n del R\u00e9gimen de Excepci\u00f3n son hist\u00f3ricos\u201d, indic\u00f3 el informe.<\/p>\n\n\n\n<p>Los tres primeros meses transcurridos este a\u00f1o reflejan una acentuada disminuci\u00f3n de los homicidios, como resultado de la estrategia de seguridad p\u00fablica implementada por el Gobierno del presidente Nayib Bukele.<\/p>\n\n\n\n<p>Las cifras indican que en marzo, por ejemplo, fueron 12 en total, culminando el primer trimestre del 2023, con un total de 38 asesinatos, que hicieron de este trimestre el m\u00e1s seguro en la historia del pa\u00eds.<\/p>\n\n\n\n<p>Datos de la Polic\u00eda Nacional Civil muestran que en enero ocurrieron 12 asesinatos, 14 en febrero y 12 en marzo atribuibles a acciones de los grupos delincuenciales.<\/p>\n\n\n\n<p>Bukele elogi\u00f3 los resultados y en un Twitter asever\u00f3 que el mes de marzo cerr\u00f3 como el m\u00e1s seguro en toda la historia de su pa\u00eds.<\/p>\n\n\n\n<p>Durante el a\u00f1o de enfrentamiento a las maras fueron ocupados tres mil 329 veh\u00edculos, dos mil 575 armas de fuego, 16 mil 078 tel\u00e9fonos celulares, tres millones de d\u00f3lares y 9.6 toneladas de diferentes drogas valoradas en 229 millones de d\u00f3lares.<\/p>\n\n\n\n<p>Al respecto del informe, el consultor y analistas independiente Cesar Villalona expres\u00f3 su sorpresa y dijo que las cifras \u201cno le cuadran\u201d, pues seg\u00fan su comparaci\u00f3n solo el cuatro por ciento de los pandilleros estaban armados y el 24 por ciento con celulares. \u201cY dicen que ocuparon tres millones de d\u00f3lares, o sea, 45 por pandilleros\u201d, agreg\u00f3.<\/p>\n\n\n\n<p>En resumen, dijo, un ej\u00e9rcito de \u201cpandilleros terroristas\u201d capturados sin hacer resistencia, desarmados, sin celulares y sin dinero.<\/p>\n\n\n\n<p class=\"has-text-align-right\"><em>PL<\/em><\/p>\n","protected":false},"excerpt":{"rendered":"<p>SAN SALVADOR, El Salvador.- Un total de 66 mil 757 personas fueron arrestadas hasta hoy en el Salvador por pertenecer presuntamente a las pandillas, inform\u00f3 el ministerio de Justicia y Seguridad. La guerra contra las pandillas, tambi\u00e9n conocidas aqu\u00ed como maras, propicia que el pa\u00eds disfrute ahora de un ambiente de seguridad no visto en [&hellip;]<\/p>\n","protected":false},"author":1,"featured_media":383753,"comment_status":"open","ping_status":"open","sticky":false,"template":"","format":"standard","meta":{"_bbp_topic_count":0,"_bbp_reply_count":0,"_bbp_total_topic_count":0,"_bbp_total_reply_count":0,"_bbp_voice_count":0,"_bbp_anonymous_reply_count":0,"_bbp_topic_count_hidden":0,"_bbp_reply_count_hidden":0,"_bbp_forum_subforum_count":0,"footnotes":""},"categories":[61],"tags":[],"class_list":{"0":"post-383752","1":"post","2":"type-post","3":"status-publish","4":"format-standard","5":"has-post-thumbnail","7":"category-mundo"},"_links":{"self":[{"href":"https:\/\/primermomento.com\/index.php?rest_route=\/wp\/v2\/posts\/383752","targetHints":{"allow":["GET"]}}],"collection":[{"href":"https:\/\/primermomento.com\/index.php?rest_route=\/wp\/v2\/posts"}],"about":[{"href":"https:\/\/primermomento.com\/index.php?rest_route=\/wp\/v2\/types\/post"}],"author":[{"embeddable":true,"href":"https:\/\/primermomento.com\/index.php?rest_route=\/wp\/v2\/users\/1"}],"replies":[{"embeddable":true,"href":"https:\/\/primermomento.com\/index.php?rest_route=%2Fwp%2Fv2%2Fcomments&post=383752"}],"version-history":[{"count":1,"href":"https:\/\/primermomento.com\/index.php?rest_route=\/wp\/v2\/posts\/383752\/revisions"}],"predecessor-version":[{"id":383754,"href":"https:\/\/primermomento.com\/index.php?rest_route=\/wp\/v2\/posts\/383752\/revisions\/383754"}],"wp:featuredmedia":[{"embeddable":true,"href":"https:\/\/primermomento.com\/index.php?rest_route=\/wp\/v2\/media\/383753"}],"wp:attachment":[{"href":"https:\/\/primermomento.com\/index.php?rest_route=%2Fwp%2Fv2%2Fmedia&parent=383752"}],"wp:term":[{"taxonomy":"category","embeddable":true,"href":"https:\/\/primermomento.com\/index.php?rest_route=%2Fwp%2Fv2%2Fcategories&post=383752"},{"taxonomy":"post_tag","embeddable":true,"href":"https:\/\/primermomento.com\/index.php?rest_route=%2Fwp%2Fv2%2Ftags&post=383752"}],"curies":[{"name":"wp","href":"https:\/\/api.w.org\/{rel}","templated":true}]}}