{"id":383812,"date":"2023-04-03T08:59:00","date_gmt":"2023-04-03T12:59:00","guid":{"rendered":"https:\/\/primermomento.com\/?p=383812"},"modified":"2023-04-03T16:36:43","modified_gmt":"2023-04-03T20:36:43","slug":"crearan-escuela-de-cine-television-y-fotografia-en-el-centro-regional-uasd-san-juan","status":"publish","type":"post","link":"https:\/\/primermomento.com\/?p=383812","title":{"rendered":"Instalar\u00e1n Escuela de Cine, Televisi\u00f3n y Fotograf\u00eda en el centro regional UASD-San Juan"},"content":{"rendered":"\n<p class=\"wp-block-paragraph\">SAN JUAN DE LA MAGUANA, Rep\u00fablica Dominicana.- El ministro de Educaci\u00f3n Superior, Ciencia y Tecnolog\u00eda, doctor Franklin Garc\u00eda Ferm\u00edn, anunci\u00f3 que en los pr\u00f3ximos meses ser\u00e1 instalada la Escuela de Cine, Televisi\u00f3n y Fotograf\u00eda en el centro regional de la Universidad Aut\u00f3noma de Santo Domingo (UASD) que funciona en esta ciudad sure\u00f1a.<\/p>\n\n\n\n<p class=\"wp-block-paragraph\">Al pronunciar un discurso, con motivo de la inauguraci\u00f3n del Cine-Parqueo en el centro de la academia estatal, durante un acto de homenaje al cineasta Omar Narpier, el funcionario asegur\u00f3 que la Escuela de Cine, Televisi\u00f3n y Fotograf\u00eda tendr\u00e1 un impacto entre cientos de j\u00f3venes de la regi\u00f3n sur del pa\u00eds.<\/p>\n\n\n\n<p class=\"wp-block-paragraph\">Garc\u00eda Ferm\u00edn dijo, que la segunda versi\u00f3n de Cine Marca Pa\u00eds ser\u00e1 llevada a esta poblaci\u00f3n como forma de estimular entre los j\u00f3venes la pasi\u00f3n y el desarrollo de la industria cinematogr\u00e1fica en esta demarcaci\u00f3n y otras zonas de la regi\u00f3n.<\/p>\n\n\n\n<p class=\"wp-block-paragraph\">Subray\u00f3 que la primera versi\u00f3n se llev\u00f3 a cabo en la provincia de Puerto Plata, donde fueron formados m\u00e1s de 150 j\u00f3venes en producciones cinematogr\u00e1ficas.<\/p>\n\n\n\n<p class=\"wp-block-paragraph\">\u201cNueva vez, el Ministerio de Educaci\u00f3n Superior, Ciencia y Tecnolog\u00eda ha firmado ya un acuerdo para traer a San Juan de la Maguana el Cine Marca Pa\u00eds\u201d, precis\u00f3.<\/p>\n\n\n\n<p class=\"wp-block-paragraph\"><strong><em>Elogia a Narpier<\/em><\/strong><\/p>\n\n\n\n<p class=\"wp-block-paragraph\">Durante la inauguraci\u00f3n del Cine-Parqueo Omar Narpier, el ministro de Educaci\u00f3n Superior, Ciencia y Tecnolog\u00eda, elogi\u00f3 la trayectoria del profesor universitario y cineasta dominicano.<\/p>\n\n\n\n<p class=\"wp-block-paragraph\">\u201cEste Cine-Parqueo se dedica a un maestro del cine, a un maestro de la fotograf\u00eda, Omar Narpier, y creo que es una manera de reconocer la trayectoria de este artista\u201d, dijo.<\/p>\n\n\n\n<p class=\"wp-block-paragraph\">\u201cOmar Narpier es un orgullo no s\u00f3lo de la UASD, sino tambi\u00e9n del pa\u00eds y Latinoam\u00e9rica\u201d, indic\u00f3 Garc\u00eda Ferm\u00edn.<\/p>\n\n\n\n<p class=\"wp-block-paragraph\">De su lado, la vicerrectora de Extensi\u00f3n de la UASD, doctora Rosal\u00eda Sosa P\u00e9rez, destac\u00f3 que la inauguraci\u00f3n del Cine-Parqueo es un merecido homenaje a Omar Narpier, uno de los m\u00e1s consagrados cineastas de la Rep\u00fablica Dominicana.<\/p>\n\n\n\n<p class=\"wp-block-paragraph\">Agreg\u00f3 que Narpier fue uno de los primeros fundadores de la Cinemateca Nacional.<\/p>\n\n\n\n<p class=\"wp-block-paragraph\">En el transcurso del acto se exhibi\u00f3 un cronometraje sobre la vida y la producci\u00f3n cinematogr\u00e1fica de Omar Narpier.<\/p>\n\n\n\n<p class=\"wp-block-paragraph\">El director de la Escuela de Cine, Televisi\u00f3n y Fotograf\u00eda de la academia estatal, July Melo, calific\u00f3 de positiva la iniciativa anunciada por el ministro Garc\u00eda Ferm\u00edn.<\/p>\n\n\n\n<p class=\"wp-block-paragraph\">Dijo que la puesta en funcionamiento de una Escuela de Cine, Televisi\u00f3n y Fotograf\u00eda en la filial de la UASD en la provincia San Juan contribuir\u00e1 a que los j\u00f3venes de la regi\u00f3n Sur se motiven a incursionar en las producciones cinematogr\u00e1ficas y otras artes afines.<\/p>\n\n\n\n<p class=\"wp-block-paragraph\">Melo asegur\u00f3 que en el pa\u00eds se ha avanzado mucho en el campo de las producciones cinematogr\u00e1ficas realizadas por profesionales nacionales.<\/p>\n\n\n\n<p class=\"wp-block-paragraph\">En el acto estuvieron presentes el director de la UASD-San Juan, Carlos Manuel S\u00e1nchez; el artista Omar Narpier y sus familiares; entre otras autoridades acad\u00e9micas, as\u00ed como cientos de estudiantes de San Juan de la Maguana.<\/p>\n","protected":false},"excerpt":{"rendered":"<p>SAN JUAN DE LA MAGUANA, Rep\u00fablica Dominicana.- El ministro de Educaci\u00f3n Superior, Ciencia y Tecnolog\u00eda, doctor Franklin Garc\u00eda Ferm\u00edn, anunci\u00f3 que en los pr\u00f3ximos meses ser\u00e1 instalada la Escuela de Cine, Televisi\u00f3n y Fotograf\u00eda en el centro regional de la Universidad Aut\u00f3noma de Santo Domingo (UASD) que funciona en esta ciudad sure\u00f1a. Al pronunciar un [&hellip;]<\/p>\n","protected":false},"author":1,"featured_media":383813,"comment_status":"open","ping_status":"open","sticky":false,"template":"","format":"standard","meta":{"_bbp_topic_count":0,"_bbp_reply_count":0,"_bbp_total_topic_count":0,"_bbp_total_reply_count":0,"_bbp_voice_count":0,"_bbp_anonymous_reply_count":0,"_bbp_topic_count_hidden":0,"_bbp_reply_count_hidden":0,"_bbp_forum_subforum_count":0,"footnotes":""},"categories":[39],"tags":[],"class_list":["post-383812","post","type-post","status-publish","format-standard","has-post-thumbnail","category-entretenimiento"],"_links":{"self":[{"href":"https:\/\/primermomento.com\/index.php?rest_route=\/wp\/v2\/posts\/383812","targetHints":{"allow":["GET"]}}],"collection":[{"href":"https:\/\/primermomento.com\/index.php?rest_route=\/wp\/v2\/posts"}],"about":[{"href":"https:\/\/primermomento.com\/index.php?rest_route=\/wp\/v2\/types\/post"}],"author":[{"embeddable":true,"href":"https:\/\/primermomento.com\/index.php?rest_route=\/wp\/v2\/users\/1"}],"replies":[{"embeddable":true,"href":"https:\/\/primermomento.com\/index.php?rest_route=%2Fwp%2Fv2%2Fcomments&post=383812"}],"version-history":[{"count":2,"href":"https:\/\/primermomento.com\/index.php?rest_route=\/wp\/v2\/posts\/383812\/revisions"}],"predecessor-version":[{"id":383817,"href":"https:\/\/primermomento.com\/index.php?rest_route=\/wp\/v2\/posts\/383812\/revisions\/383817"}],"wp:featuredmedia":[{"embeddable":true,"href":"https:\/\/primermomento.com\/index.php?rest_route=\/wp\/v2\/media\/383813"}],"wp:attachment":[{"href":"https:\/\/primermomento.com\/index.php?rest_route=%2Fwp%2Fv2%2Fmedia&parent=383812"}],"wp:term":[{"taxonomy":"category","embeddable":true,"href":"https:\/\/primermomento.com\/index.php?rest_route=%2Fwp%2Fv2%2Fcategories&post=383812"},{"taxonomy":"post_tag","embeddable":true,"href":"https:\/\/primermomento.com\/index.php?rest_route=%2Fwp%2Fv2%2Ftags&post=383812"}],"curies":[{"name":"wp","href":"https:\/\/api.w.org\/{rel}","templated":true}]}}