{"id":383879,"date":"2023-04-04T17:35:55","date_gmt":"2023-04-04T21:35:55","guid":{"rendered":"https:\/\/primermomento.com\/?p=383879"},"modified":"2023-04-05T15:01:07","modified_gmt":"2023-04-05T19:01:07","slug":"pld-dice-prision-preventiva-para-donald-guerrero-y-jose-ramon-peralta-responde-a-presion-mediatica","status":"publish","type":"post","link":"https:\/\/primermomento.com\/?p=383879","title":{"rendered":"PLD dice prisi\u00f3n de Donald Guerrero y Jos\u00e9 Ram\u00f3n Peralta responde a presi\u00f3n medi\u00e1tica"},"content":{"rendered":"\n<p>SANTO DOMINGO, Rep\u00fablica Dominicana.- El Partido de la Liberaci\u00f3n Dominicana (PLD)&nbsp;considera que la decisi\u00f3n de la jueza, Kenya Romero, sobre la solicitud de imposici\u00f3n de medida de coerci\u00f3n en el caso que involucra a dirigentes de esta organizaci\u00f3n pol\u00edtica, procura complacer a todas las partes y entiende que la prisi\u00f3n preventiva para Donald Guerrero y Jos\u00e9 Ram\u00f3n Peralta responde a la presi\u00f3n medi\u00e1tica y no se ajusta a derecho.<\/p>\n\n\n\n<p>La opini\u00f3n del PLD se dio a conocer mediante un documento de su direcci\u00f3n pol\u00edtica, tramitado por la Secretar\u00eda de Comunicaciones.<\/p>\n\n\n\n<p><em>A continuaci\u00f3n texto del documento:<\/em><\/p>\n\n\n\n<p>El Partido de la Liberaci\u00f3n Dominicana (PLD) considera&nbsp;que la Jueza, Kenya Romero, actu\u00f3 conforme a derecho al no imponer la&nbsp;medida de coerci\u00f3n&nbsp;m\u00e1s gravosa a Gonzalo Castillo, Daniel Omar Caama\u00f1o, Luis Miguel Piccirillo y Claudio Pe\u00f1a tomando en cuenta, como se observ\u00f3 desde el primer momento, que no concurr\u00edan las condiciones para la misma.<\/p>\n\n\n\n<p>Sin embargo, le sorprende que, en el caso de Donald Guerrero y Jos\u00e9 Ram\u00f3n Peralta, haya decidido de manera diferente, tomando en cuenta que, tampoco en esos dos casos, se cumpl\u00edan las condiciones para la imposici\u00f3n de prisi\u00f3n preventiva.<\/p>\n\n\n\n<p>Esto hace pensar que se trata de una decisi\u00f3n que no est\u00e1 basada en lo que establece la normativa procesal penal, sino m\u00e1s bien en un deseo de complacer en alguna medida la presi\u00f3n, pol\u00edtica y medi\u00e1tica, tratando de quedar bien con todas las partes, algo que no corresponde al rol del juez imparcial.<\/p>\n\n\n\n<p>Lamentablemente esta es la situaci\u00f3n en la que se ven obligados a ejercer su funci\u00f3n hoy los jueces en nuestro pa\u00eds, presionados por algunos miembros del Ministerio P\u00fablico que no terminan de entender que su labor debe circunscribirse al espacio judicial y no a la mediatizaci\u00f3n de los casos, donde la incidencia de la prensa y la opini\u00f3n p\u00fablica puede desembocar en lo que la procuradora general de la Rep\u00fablica ha llamado, muy acertadamente, \u201cjuicios paralelos\u201d.<\/p>\n\n\n\n<p>Recordemos las palabras de la honorable procuradora general de la Rep\u00fablica, magistrada Miriam Germ\u00e1n, el 10 de mayo de 2022, cuando dijo lo siguiente: \u201cSe puede dar el caso que despu\u00e9s de la tormenta inicial, haya un proceso y se declare inocente a una persona y entonces \u00bfQui\u00e9n te va a devolver lo que te quitaron a ti y a tu familia? \u00bfQui\u00e9n va a reparar la verg\u00fcenza de tus hijos?<\/p>\n\n\n\n<p>Asimismo, llama poderosamente la atenci\u00f3n que, en esta investigaci\u00f3n, no se hayan incluido personas las cuales, admitiendo los hechos que se le atribuyen, quedan claramente identificados como autores principales de los il\u00edcitos que el ministerio p\u00fablico imputa, quienes adem\u00e1s son integrantes o est\u00e1n directamente vinculados al partido de gobierno.<\/p>\n\n\n\n<p>El Partido de la Liberaci\u00f3n Dominicana (PLD) reitera su deseo de que en la Rep\u00fablica Dominicana se respete la presunci\u00f3n de inocencia y el debido proceso; que las medidas de coerci\u00f3n no se conviertan en una pena anticipada para los justiciables, y que el Ministerio P\u00fablico, cumpliendo con su rol de objetividad, no excluya por razones pol\u00edticas o de cercan\u00eda con el poder de turno, a personas que deben ser investigadas y procesadas.<\/p>\n","protected":false},"excerpt":{"rendered":"<p>SANTO DOMINGO, Rep\u00fablica Dominicana.- El Partido de la Liberaci\u00f3n Dominicana (PLD)&nbsp;considera que la decisi\u00f3n de la jueza, Kenya Romero, sobre la solicitud de imposici\u00f3n de medida de coerci\u00f3n en el caso que involucra a dirigentes de esta organizaci\u00f3n pol\u00edtica, procura complacer a todas las partes y entiende que la prisi\u00f3n preventiva para Donald Guerrero y [&hellip;]<\/p>\n","protected":false},"author":1,"featured_media":383880,"comment_status":"open","ping_status":"open","sticky":false,"template":"","format":"standard","meta":{"_bbp_topic_count":0,"_bbp_reply_count":0,"_bbp_total_topic_count":0,"_bbp_total_reply_count":0,"_bbp_voice_count":0,"_bbp_anonymous_reply_count":0,"_bbp_topic_count_hidden":0,"_bbp_reply_count_hidden":0,"_bbp_forum_subforum_count":0,"footnotes":""},"categories":[30,109],"tags":[],"class_list":{"0":"post-383879","1":"post","2":"type-post","3":"status-publish","4":"format-standard","5":"has-post-thumbnail","7":"category-actualidad","8":"category-eleccion"},"_links":{"self":[{"href":"https:\/\/primermomento.com\/index.php?rest_route=\/wp\/v2\/posts\/383879","targetHints":{"allow":["GET"]}}],"collection":[{"href":"https:\/\/primermomento.com\/index.php?rest_route=\/wp\/v2\/posts"}],"about":[{"href":"https:\/\/primermomento.com\/index.php?rest_route=\/wp\/v2\/types\/post"}],"author":[{"embeddable":true,"href":"https:\/\/primermomento.com\/index.php?rest_route=\/wp\/v2\/users\/1"}],"replies":[{"embeddable":true,"href":"https:\/\/primermomento.com\/index.php?rest_route=%2Fwp%2Fv2%2Fcomments&post=383879"}],"version-history":[{"count":6,"href":"https:\/\/primermomento.com\/index.php?rest_route=\/wp\/v2\/posts\/383879\/revisions"}],"predecessor-version":[{"id":383961,"href":"https:\/\/primermomento.com\/index.php?rest_route=\/wp\/v2\/posts\/383879\/revisions\/383961"}],"wp:featuredmedia":[{"embeddable":true,"href":"https:\/\/primermomento.com\/index.php?rest_route=\/wp\/v2\/media\/383880"}],"wp:attachment":[{"href":"https:\/\/primermomento.com\/index.php?rest_route=%2Fwp%2Fv2%2Fmedia&parent=383879"}],"wp:term":[{"taxonomy":"category","embeddable":true,"href":"https:\/\/primermomento.com\/index.php?rest_route=%2Fwp%2Fv2%2Fcategories&post=383879"},{"taxonomy":"post_tag","embeddable":true,"href":"https:\/\/primermomento.com\/index.php?rest_route=%2Fwp%2Fv2%2Ftags&post=383879"}],"curies":[{"name":"wp","href":"https:\/\/api.w.org\/{rel}","templated":true}]}}