{"id":383905,"date":"2023-04-04T20:30:00","date_gmt":"2023-04-05T00:30:00","guid":{"rendered":"https:\/\/primermomento.com\/?p=383905"},"modified":"2023-04-05T15:01:27","modified_gmt":"2023-04-05T19:01:27","slug":"gobierno-crea-la-empresa-de-generacion-electrica-punta-catalina-egepc","status":"publish","type":"post","link":"https:\/\/primermomento.com\/?p=383905","title":{"rendered":"Gobierno crea la Empresa de Generaci\u00f3n El\u00e9ctrica Punta Catalina (EGEPC)"},"content":{"rendered":"\n<p>SANTO DOMINGO, Rep\u00fablica Dominicana.- En cumplimiento de lo que dispone la Ley n\u00fam. 365-22, este lunes 3 de abril el presidente Luis Abinader emiti\u00f3 el Decreto n\u00fam. 142-23, que crea la Empresa de Generaci\u00f3n El\u00e9ctrica Punta Catalina (EGEPC).<\/p>\n\n\n\n<p>Dicha empresa se regir\u00e1 por la Ley n\u00fam. 479-08 General de Sociedades Comerciales y Empresas Individuales de Responsabilidad Limitada, el referido Decreto 142-23 y las pol\u00edticas propias de funcionamiento, establecidas en su estatuto social.<\/p>\n\n\n\n<p>La EGEPC se constituye como Sociedad An\u00f3nima (S.A.), siendo sus \u00fanicos accionistas los \u00f3rganos representantes del Estado dominicano; a saber, el Ministerio de Hacienda y el Fondo Patrimonial de las Empresas Reformadas (FONPER). Sobre \u00e9ste \u00faltimo, se recuerda que en el Congreso cursa un proyecto de ley relativo a la transformaci\u00f3n del FONPER, el cual no ha sido objeto de aprobaci\u00f3n.<\/p>\n\n\n\n<p>La propiedad de la empresa ser\u00e1 estrictamente estatal. El Estado dominicano es propietario del 99.9 % del capital social y el FONPER, del 0.1 % restante. La direcci\u00f3n y administraci\u00f3n de la EGEPC estar\u00e1 a cargo de la Asamblea General de Accionistas, el Consejo de Administraci\u00f3n, el presidente del Consejo de Administraci\u00f3n y el vicepresidente ejecutivo.<\/p>\n\n\n\n<p>El Consejo de Administraci\u00f3n estar\u00e1 integrado por cinco miembros designados por decreto, incluyendo un presidente, que ser\u00e1 el ministro de Hacienda (ex oficio), tres directores y el vicepresidente ejecutivo como secretario con voz, pero sin voto.<\/p>\n\n\n\n<p>El decreto establece requisitos y prohibiciones espec\u00edficas para ser miembro del Consejo de Administraci\u00f3n, con el fin de asegurar la integridad, transparencia y eficiencia en la gesti\u00f3n de la EGEPC.<\/p>\n\n\n\n<p>Con la creaci\u00f3n de la Empresa de Generaci\u00f3n El\u00e9ctrica Punta Catalina, el Gobierno de la Rep\u00fablica Dominicana refuerza su compromiso con el fortalecimiento del sector el\u00e9ctrico nacional, garantizando una gesti\u00f3n eficiente y sostenible de la generaci\u00f3n el\u00e9ctrica en el pa\u00eds.<\/p>\n","protected":false},"excerpt":{"rendered":"<p>SANTO DOMINGO, Rep\u00fablica Dominicana.- En cumplimiento de lo que dispone la Ley n\u00fam. 365-22, este lunes 3 de abril el presidente Luis Abinader emiti\u00f3 el Decreto n\u00fam. 142-23, que crea la Empresa de Generaci\u00f3n El\u00e9ctrica Punta Catalina (EGEPC). Dicha empresa se regir\u00e1 por la Ley n\u00fam. 479-08 General de Sociedades Comerciales y Empresas Individuales de [&hellip;]<\/p>\n","protected":false},"author":1,"featured_media":331160,"comment_status":"open","ping_status":"open","sticky":false,"template":"","format":"standard","meta":{"_bbp_topic_count":0,"_bbp_reply_count":0,"_bbp_total_topic_count":0,"_bbp_total_reply_count":0,"_bbp_voice_count":0,"_bbp_anonymous_reply_count":0,"_bbp_topic_count_hidden":0,"_bbp_reply_count_hidden":0,"_bbp_forum_subforum_count":0,"footnotes":""},"categories":[30,109],"tags":[],"class_list":{"0":"post-383905","1":"post","2":"type-post","3":"status-publish","4":"format-standard","5":"has-post-thumbnail","7":"category-actualidad","8":"category-eleccion"},"_links":{"self":[{"href":"https:\/\/primermomento.com\/index.php?rest_route=\/wp\/v2\/posts\/383905","targetHints":{"allow":["GET"]}}],"collection":[{"href":"https:\/\/primermomento.com\/index.php?rest_route=\/wp\/v2\/posts"}],"about":[{"href":"https:\/\/primermomento.com\/index.php?rest_route=\/wp\/v2\/types\/post"}],"author":[{"embeddable":true,"href":"https:\/\/primermomento.com\/index.php?rest_route=\/wp\/v2\/users\/1"}],"replies":[{"embeddable":true,"href":"https:\/\/primermomento.com\/index.php?rest_route=%2Fwp%2Fv2%2Fcomments&post=383905"}],"version-history":[{"count":1,"href":"https:\/\/primermomento.com\/index.php?rest_route=\/wp\/v2\/posts\/383905\/revisions"}],"predecessor-version":[{"id":383906,"href":"https:\/\/primermomento.com\/index.php?rest_route=\/wp\/v2\/posts\/383905\/revisions\/383906"}],"wp:featuredmedia":[{"embeddable":true,"href":"https:\/\/primermomento.com\/index.php?rest_route=\/wp\/v2\/media\/331160"}],"wp:attachment":[{"href":"https:\/\/primermomento.com\/index.php?rest_route=%2Fwp%2Fv2%2Fmedia&parent=383905"}],"wp:term":[{"taxonomy":"category","embeddable":true,"href":"https:\/\/primermomento.com\/index.php?rest_route=%2Fwp%2Fv2%2Fcategories&post=383905"},{"taxonomy":"post_tag","embeddable":true,"href":"https:\/\/primermomento.com\/index.php?rest_route=%2Fwp%2Fv2%2Ftags&post=383905"}],"curies":[{"name":"wp","href":"https:\/\/api.w.org\/{rel}","templated":true}]}}