{"id":383952,"date":"2023-04-05T09:04:00","date_gmt":"2023-04-05T13:04:00","guid":{"rendered":"https:\/\/primermomento.com\/?p=383952"},"modified":"2023-04-05T14:11:44","modified_gmt":"2023-04-05T18:11:44","slug":"pesar-en-mexico-por-el-deceso-del-prolifico-actor-andres-garcia","status":"publish","type":"post","link":"https:\/\/primermomento.com\/?p=383952","title":{"rendered":"Pesar en M\u00e9xico por el deceso del prol\u00edfico actor Andr\u00e9s Garc\u00eda"},"content":{"rendered":"\n<p class=\"wp-block-paragraph\">CIUDAD DE M\u00c9XICO, M\u00e9xico.- Un gran pesar caus\u00f3 hoy entre los mexicanos el deceso del actor Andr\u00e9s Garc\u00eda, uno de los m\u00e1s prol\u00edficos del pa\u00eds, famoso por sus actuaciones en el cine y telenovelas.<\/p>\n\n\n\n<p class=\"wp-block-paragraph\">Su muerte ocurri\u00f3 ayer a los 81 a\u00f1os de edad luego de problemas de salud que se complicaron con una neumon\u00eda bacteriana que lo llev\u00f3 a estar hospitalizado, seg\u00fan su esposa Margarita Portillo, aunque tambi\u00e9n durante la estad\u00eda del actor en el nosocomio se detect\u00f3 que presentaba una sobredosis de drogas.<\/p>\n\n\n\n<p class=\"wp-block-paragraph\">En noviembre la salud del actor se empez\u00f3 a deteriorar. El propio Andr\u00e9s Garc\u00eda en un video en su canal de YouTube hab\u00eda informado que se encontraba un poco delicado tras haber sufrido una ca\u00edda en su casa a ra\u00edz de problemas por la cirrosis que tambi\u00e9n padec\u00eda.<\/p>\n\n\n\n<p class=\"wp-block-paragraph\">Andr\u00e9s Garc\u00eda naci\u00f3 el 24 de mayo de 1941 en Rep\u00fablica Dominicana. Era hijo de exiliados espa\u00f1oles, quienes despu\u00e9s emigraron a M\u00e9xico y se asentaron en Acapulco, Guerrero, donde fue descubierto por productores de cine cuando trabajaba como lanchero.<\/p>\n\n\n\n<p class=\"wp-block-paragraph\">Su carrera en el mundo art\u00edstico inici\u00f3 cuando ten\u00eda 25 a\u00f1os al protagonizar la pel\u00edcula Chanoc, dirigida por Rogelio A. Gonz\u00e1lez y la cual se estren\u00f3 el 7 de abril de 1967.<\/p>\n\n\n\n<p class=\"wp-block-paragraph\">A partir de ese a\u00f1o empezar\u00eda su trayectoria en la pantalla grande al participar en m\u00e1s de 70 pel\u00edculas en las que interpret\u00f3 diversos personajes y en la que destac\u00f3 con su inigualable f\u00edsico.<\/p>\n\n\n\n<p class=\"wp-block-paragraph\">Tras una gran carrera en el cine y mientras a\u00fan se manten\u00eda vigente en la pantalla grande prob\u00f3 suerte en la televisi\u00f3n en 1970 con la telenovela Yo s\u00e9 que nunca.<\/p>\n\n\n\n<p class=\"wp-block-paragraph\">Grab\u00f3 al menos 17 telenovelas, entre ellas El cuerpo del deseo, Mujeres enga\u00f1adas, El privilegio de amar, La mujer prohibida, Con toda el alma, T\u00fa o nadie, entre otras.<\/p>\n\n\n\n<p class=\"has-text-align-right wp-block-paragraph\"><em>PL<\/em><\/p>\n","protected":false},"excerpt":{"rendered":"<p>CIUDAD DE M\u00c9XICO, M\u00e9xico.- Un gran pesar caus\u00f3 hoy entre los mexicanos el deceso del actor Andr\u00e9s Garc\u00eda, uno de los m\u00e1s prol\u00edficos del pa\u00eds, famoso por sus actuaciones en el cine y telenovelas. Su muerte ocurri\u00f3 ayer a los 81 a\u00f1os de edad luego de problemas de salud que se complicaron con una neumon\u00eda [&hellip;]<\/p>\n","protected":false},"author":1,"featured_media":383953,"comment_status":"open","ping_status":"open","sticky":false,"template":"","format":"standard","meta":{"_bbp_topic_count":0,"_bbp_reply_count":0,"_bbp_total_topic_count":0,"_bbp_total_reply_count":0,"_bbp_voice_count":0,"_bbp_anonymous_reply_count":0,"_bbp_topic_count_hidden":0,"_bbp_reply_count_hidden":0,"_bbp_forum_subforum_count":0,"footnotes":""},"categories":[39],"tags":[],"class_list":["post-383952","post","type-post","status-publish","format-standard","has-post-thumbnail","category-entretenimiento"],"_links":{"self":[{"href":"https:\/\/primermomento.com\/index.php?rest_route=\/wp\/v2\/posts\/383952","targetHints":{"allow":["GET"]}}],"collection":[{"href":"https:\/\/primermomento.com\/index.php?rest_route=\/wp\/v2\/posts"}],"about":[{"href":"https:\/\/primermomento.com\/index.php?rest_route=\/wp\/v2\/types\/post"}],"author":[{"embeddable":true,"href":"https:\/\/primermomento.com\/index.php?rest_route=\/wp\/v2\/users\/1"}],"replies":[{"embeddable":true,"href":"https:\/\/primermomento.com\/index.php?rest_route=%2Fwp%2Fv2%2Fcomments&post=383952"}],"version-history":[{"count":1,"href":"https:\/\/primermomento.com\/index.php?rest_route=\/wp\/v2\/posts\/383952\/revisions"}],"predecessor-version":[{"id":383954,"href":"https:\/\/primermomento.com\/index.php?rest_route=\/wp\/v2\/posts\/383952\/revisions\/383954"}],"wp:featuredmedia":[{"embeddable":true,"href":"https:\/\/primermomento.com\/index.php?rest_route=\/wp\/v2\/media\/383953"}],"wp:attachment":[{"href":"https:\/\/primermomento.com\/index.php?rest_route=%2Fwp%2Fv2%2Fmedia&parent=383952"}],"wp:term":[{"taxonomy":"category","embeddable":true,"href":"https:\/\/primermomento.com\/index.php?rest_route=%2Fwp%2Fv2%2Fcategories&post=383952"},{"taxonomy":"post_tag","embeddable":true,"href":"https:\/\/primermomento.com\/index.php?rest_route=%2Fwp%2Fv2%2Ftags&post=383952"}],"curies":[{"name":"wp","href":"https:\/\/api.w.org\/{rel}","templated":true}]}}