{"id":383970,"date":"2023-04-05T18:16:00","date_gmt":"2023-04-05T22:16:00","guid":{"rendered":"https:\/\/primermomento.com\/?p=383970"},"modified":"2023-04-07T09:08:42","modified_gmt":"2023-04-07T13:08:42","slug":"opret-informa-horario-especial-durante-semana-santa-ciclistas-podran-circular","status":"publish","type":"post","link":"https:\/\/primermomento.com\/?p=383970","title":{"rendered":"OPRET informa horario especial durante Semana Santa; ciclistas podr\u00e1n circular"},"content":{"rendered":"\n<p>SANTO DOMINGO, Rep\u00fablica Dominicana.- La Oficina para el Reordenamiento del Transporte (OPRET) inform\u00f3 hoy a la ciudadan\u00eda que, por motivo a la Semana Santa, el Sistema de Transporte Integrado Metro \u2013 Telef\u00e9rico operar\u00e1 en horario especial del jueves 6 al domingo 9 de abril y que adem\u00e1s se podr\u00e1n transportar bicicletas en dicho sistema durante estos d\u00edas de asueto.<\/p>\n\n\n\n<p>En ese sentido, el horario de servicio durante la Semana Mayor ser\u00e1 el siguiente:<\/p>\n\n\n\n<p>Metro de Santo Domingo<\/p>\n\n\n\n<p>\u25cf Jueves Santo: De 6:00 a. m. a 10:30 p. m.<\/p>\n\n\n\n<p>\u25cf Viernes Santo a Domingo Santo: De 6:00 a. m. a 10:00 p. m.<\/p>\n\n\n\n<p>El Telef\u00e9rico de Santo Domingo estar\u00e1 fuera de servicio hasta el domingo 9 de abril debido a trabajos de mantenimiento programado, tal y como la OPRET ya lo ha informado. Por tanto, para facilitar el traslado de los usuarios se ha dispuesto de un servicio alternativo de la Oficina Metropolitana de Servicios de Autobuses (OMSA) sin costo adicional en los siguientes horarios:<\/p>\n\n\n\n<p>\u25cf Jueves Santo: De 6:00 a. m. a 10:30 p. m.<\/p>\n\n\n\n<p>\u25cf Viernes Santo: De 8:00 a. m. a 9:00 p. m.<\/p>\n\n\n\n<p>\u25cf S\u00e1bado Santo: De 8:00 a. m. a 9:00 p. m.<\/p>\n\n\n\n<p>\u25cf Domingo Santo: De 8:00 a. m. a 9:00 p. m.<\/p>\n\n\n\n<p>La OPRET inform\u00f3 tambi\u00e9n que durante estos d\u00edas de asueto se estar\u00e1 permitiendo a los ciclistas transportar sus bicicletas a partir del d\u00eda jueves 6 de abril a las 2:00 p. m. hasta el domingo 9 al finalizar las operaciones. Normalmente, los ciclistas cuentan con dicha facilidad los s\u00e1bados, domingos y d\u00edas feriados.<\/p>\n","protected":false},"excerpt":{"rendered":"<p>SANTO DOMINGO, Rep\u00fablica Dominicana.- La Oficina para el Reordenamiento del Transporte (OPRET) inform\u00f3 hoy a la ciudadan\u00eda que, por motivo a la Semana Santa, el Sistema de Transporte Integrado Metro \u2013 Telef\u00e9rico operar\u00e1 en horario especial del jueves 6 al domingo 9 de abril y que adem\u00e1s se podr\u00e1n transportar bicicletas en dicho sistema durante [&hellip;]<\/p>\n","protected":false},"author":1,"featured_media":383971,"comment_status":"open","ping_status":"open","sticky":false,"template":"","format":"standard","meta":{"_bbp_topic_count":0,"_bbp_reply_count":0,"_bbp_total_topic_count":0,"_bbp_total_reply_count":0,"_bbp_voice_count":0,"_bbp_anonymous_reply_count":0,"_bbp_topic_count_hidden":0,"_bbp_reply_count_hidden":0,"_bbp_forum_subforum_count":0,"footnotes":""},"categories":[30,109],"tags":[],"class_list":{"0":"post-383970","1":"post","2":"type-post","3":"status-publish","4":"format-standard","5":"has-post-thumbnail","7":"category-actualidad","8":"category-eleccion"},"_links":{"self":[{"href":"https:\/\/primermomento.com\/index.php?rest_route=\/wp\/v2\/posts\/383970","targetHints":{"allow":["GET"]}}],"collection":[{"href":"https:\/\/primermomento.com\/index.php?rest_route=\/wp\/v2\/posts"}],"about":[{"href":"https:\/\/primermomento.com\/index.php?rest_route=\/wp\/v2\/types\/post"}],"author":[{"embeddable":true,"href":"https:\/\/primermomento.com\/index.php?rest_route=\/wp\/v2\/users\/1"}],"replies":[{"embeddable":true,"href":"https:\/\/primermomento.com\/index.php?rest_route=%2Fwp%2Fv2%2Fcomments&post=383970"}],"version-history":[{"count":1,"href":"https:\/\/primermomento.com\/index.php?rest_route=\/wp\/v2\/posts\/383970\/revisions"}],"predecessor-version":[{"id":383972,"href":"https:\/\/primermomento.com\/index.php?rest_route=\/wp\/v2\/posts\/383970\/revisions\/383972"}],"wp:featuredmedia":[{"embeddable":true,"href":"https:\/\/primermomento.com\/index.php?rest_route=\/wp\/v2\/media\/383971"}],"wp:attachment":[{"href":"https:\/\/primermomento.com\/index.php?rest_route=%2Fwp%2Fv2%2Fmedia&parent=383970"}],"wp:term":[{"taxonomy":"category","embeddable":true,"href":"https:\/\/primermomento.com\/index.php?rest_route=%2Fwp%2Fv2%2Fcategories&post=383970"},{"taxonomy":"post_tag","embeddable":true,"href":"https:\/\/primermomento.com\/index.php?rest_route=%2Fwp%2Fv2%2Ftags&post=383970"}],"curies":[{"name":"wp","href":"https:\/\/api.w.org\/{rel}","templated":true}]}}