{"id":384000,"date":"2023-04-06T15:40:37","date_gmt":"2023-04-06T19:40:37","guid":{"rendered":"https:\/\/primermomento.com\/?p=384000"},"modified":"2023-04-06T15:40:38","modified_gmt":"2023-04-06T19:40:38","slug":"papa-francisco-visita-en-jueves-santo-centro-penitenciario-de-menores","status":"publish","type":"post","link":"https:\/\/primermomento.com\/?p=384000","title":{"rendered":"Papa Francisco visita en Jueves Santo centro penitenciario de menores"},"content":{"rendered":"\n<p>CIUDAD DEL VATICANO, Roma.- El papa Francisco visit\u00f3 hoy, en ocasi\u00f3n del Jueves Santo, el centro penitenciario de menores Casal del Marmo, en Roma, donde presidi\u00f3 una misa y realiz\u00f3 el rito del lavado de pies a 12 ni\u00f1os recluidos en ese lugar.<\/p>\n\n\n\n<p>De acuerdo con informaci\u00f3n divulgada por la oficina de prensa de la Santa Sede, en horas de la ma\u00f1ana el Sumo Pont\u00edfice presidi\u00f3 la denominada Misa del Crisma, en tanto por la tarde se traslado a la referida prisi\u00f3n, donde celebr\u00f3 la misa In Coena Domini, de la Cena del Se\u00f1or.<\/p>\n\n\n\n<p>Tras proclamar el Santo Evangelio, Francisco improvis\u00f3 una homil\u00eda, en la que se refiri\u00f3 al tradicional lavado de pies de cada a\u00f1o en esta fecha, que seg\u00fan dijo \u201cno es una cosa folcl\u00f3rica\u201d sino \u201cun gesto que expresa c\u00f3mo debemos ser uno con el otro\u201d.<\/p>\n\n\n\n<p>\u201cEn la sociedad vemos cu\u00e1ntas personas se aprovechan de otras, cu\u00e1ntas personas que se ven acorraladas y no pueden salir, cuantas injusticias, cuantas personas sin trabajo, cuantas personas que trabajan y cobran la mitad\u201d.<\/p>\n\n\n\n<p>Vemos tambi\u00e9n \u201ccuantas personas que no tienen dinero para comprar medicinas, cuantas familias destruidas, tantas cosas malas\u201d, dijo Francisco, quien mostr\u00f3 buen \u00e1nimo y disposici\u00f3n a pesar de los problemas de salud sufridos recientemente, por una bronquitis que oblig\u00f3 a su ingreso del 29 de marzo al 1 de abril.<\/p>\n\n\n\n<p>Asistieron a la misa en la capilla de ese penal unos setenta fieles, entre j\u00f3venes presos y trabajadores penitenciarios y luego, en el rito tradicional, el Papa lav\u00f3 los pies de diez ni\u00f1os y dos ni\u00f1as, a quienes tambi\u00e9n les estrech\u00f3 la mano en se\u00f1al de buenos deseos para el futuro y les dirigi\u00f3 palabras de aliento.<\/p>\n\n\n\n<p>La directora de la prisi\u00f3n, Mar\u00eda Teresa Juliano, expres\u00f3 a nombre del personal del centro y de los menores all\u00ed recluidos el agradecimiento al Obispo de Roma, por visitar nuevamente a ese lugar en Jueves Santo, como hizo en 2013, durante su primer a\u00f1o de Pontificado.<\/p>\n\n\n\n<p>En 2014, el Pont\u00edfice decidi\u00f3 celebrar la fecha en la Fundaci\u00f3n Don Carlo Gnocchi, para rehabilitaci\u00f3n de personas con trastornos mentales y patolog\u00edas invalidantes graves, y el siguiente a\u00f1o el lugar elegido fue la penitenciar\u00eda romana de Rebibbia.<\/p>\n\n\n\n<p>En 2016 se traslad\u00f3 al Centro de Acogida para Solicitantes de Asilo de Castelnuovo di Porto, en las afueras de Roma, donde comparti\u00f3 con unos 900 inmigrantes de diversas nacionalidades y en 2017 fue a la prisi\u00f3n de Paliano, en la provincia de Frosinone,<\/p>\n\n\n\n<p>Hace cinco a\u00f1os el lugar escogido fue Regina Coeli y en 2019 la c\u00e1rcel de Velletri, a pocos kil\u00f3metros de la capital.<\/p>\n\n\n\n<p>En 2020 y 2021 las restricciones por la pandemia del Covid-19 obligaron a la celebraci\u00f3n en la Bas\u00edlica de San Pedro y en ese \u00faltimo a\u00f1o quien presidi\u00f3 la misa fue el cardenal Giovanni Battista Re.<\/p>\n\n\n\n<p>Finalmente, en 2022, el papa Francisco volvi\u00f3 a visitar en Jueves Santo una prisi\u00f3n, esa vez el Nuevo Complejo Penitenciario de Civitavecchia, donde pas\u00f3 unas tres horas con los internos, y lav\u00f3 los pies a doce de los mismos.<\/p>\n\n\n\n<p class=\"has-text-align-right\"><em>PL<\/em><\/p>\n","protected":false},"excerpt":{"rendered":"<p>CIUDAD DEL VATICANO, Roma.- El papa Francisco visit\u00f3 hoy, en ocasi\u00f3n del Jueves Santo, el centro penitenciario de menores Casal del Marmo, en Roma, donde presidi\u00f3 una misa y realiz\u00f3 el rito del lavado de pies a 12 ni\u00f1os recluidos en ese lugar. De acuerdo con informaci\u00f3n divulgada por la oficina de prensa de la [&hellip;]<\/p>\n","protected":false},"author":1,"featured_media":384001,"comment_status":"open","ping_status":"open","sticky":false,"template":"","format":"standard","meta":{"_bbp_topic_count":0,"_bbp_reply_count":0,"_bbp_total_topic_count":0,"_bbp_total_reply_count":0,"_bbp_voice_count":0,"_bbp_anonymous_reply_count":0,"_bbp_topic_count_hidden":0,"_bbp_reply_count_hidden":0,"_bbp_forum_subforum_count":0,"footnotes":""},"categories":[61],"tags":[],"class_list":{"0":"post-384000","1":"post","2":"type-post","3":"status-publish","4":"format-standard","5":"has-post-thumbnail","7":"category-mundo"},"_links":{"self":[{"href":"https:\/\/primermomento.com\/index.php?rest_route=\/wp\/v2\/posts\/384000","targetHints":{"allow":["GET"]}}],"collection":[{"href":"https:\/\/primermomento.com\/index.php?rest_route=\/wp\/v2\/posts"}],"about":[{"href":"https:\/\/primermomento.com\/index.php?rest_route=\/wp\/v2\/types\/post"}],"author":[{"embeddable":true,"href":"https:\/\/primermomento.com\/index.php?rest_route=\/wp\/v2\/users\/1"}],"replies":[{"embeddable":true,"href":"https:\/\/primermomento.com\/index.php?rest_route=%2Fwp%2Fv2%2Fcomments&post=384000"}],"version-history":[{"count":1,"href":"https:\/\/primermomento.com\/index.php?rest_route=\/wp\/v2\/posts\/384000\/revisions"}],"predecessor-version":[{"id":384002,"href":"https:\/\/primermomento.com\/index.php?rest_route=\/wp\/v2\/posts\/384000\/revisions\/384002"}],"wp:featuredmedia":[{"embeddable":true,"href":"https:\/\/primermomento.com\/index.php?rest_route=\/wp\/v2\/media\/384001"}],"wp:attachment":[{"href":"https:\/\/primermomento.com\/index.php?rest_route=%2Fwp%2Fv2%2Fmedia&parent=384000"}],"wp:term":[{"taxonomy":"category","embeddable":true,"href":"https:\/\/primermomento.com\/index.php?rest_route=%2Fwp%2Fv2%2Fcategories&post=384000"},{"taxonomy":"post_tag","embeddable":true,"href":"https:\/\/primermomento.com\/index.php?rest_route=%2Fwp%2Fv2%2Ftags&post=384000"}],"curies":[{"name":"wp","href":"https:\/\/api.w.org\/{rel}","templated":true}]}}