{"id":384082,"date":"2023-04-07T20:00:00","date_gmt":"2023-04-08T00:00:00","guid":{"rendered":"https:\/\/primermomento.com\/?p=384082"},"modified":"2023-04-08T13:32:48","modified_gmt":"2023-04-08T17:32:48","slug":"banl-agentes-policiales-refuerzan-labores-preventivas-en-la-provincia-peravia","status":"publish","type":"post","link":"https:\/\/primermomento.com\/?p=384082","title":{"rendered":"BAN\u013a | Agentes policiales refuerzan labores preventivas en la provincia Peravia"},"content":{"rendered":"\n<p>BAN\u013a, Rep\u00fablica Dominicana.- La Direcci\u00f3n Regional Sur Central de la Polic\u00eda Nacional, con asiento en Ban\u00ed, tras el lanzamiento oficial en la Fortaleza del plan preventivo \u201cOperativo Semana Santa Conciencia Por la Vida 2023\u201d, despleg\u00f3 cientos de agentes en la provincia Peravia, a los fines de reforzar las labores preventivas, disuasivas y operativas para garantizar la seguridad de los ciudadanos durante este periodo de asueto.<\/p>\n\n\n\n<p>En ese sentido, por instrucciones del titular del cuerpo del orden, mayor general Eduardo Alberto Then, desde tempranas horas de la ma\u00f1ana del Jueves Santo, los polic\u00edas resguardan las \u00e1reas comerciales, bancarias, carreteras, playas y balnearios, en respaldo al trabajo preventivo en coordinaci\u00f3n con el Centro de Operaciones de Emergencias (COE).<\/p>\n\n\n\n<p>Asimismo, este Viernes Santo personal policial liderado por oficiales superiores reportaron un efectivo servicio preventivo y de supervisi\u00f3n. Mientras contin\u00faan elevando los niveles de seguridad contra el delito, la violencia y la intranquilidad ciudadana, por motivo de la Semana Santa.<\/p>\n\n\n\n<p>Durante este recorrido, el director regional, coronel Francisco Senci\u00f3n de la Cruz, estuvo acompa\u00f1ado por el segundo teniente V\u00edctor Garces de la Rosa, vocero policial, en un recorrido por la playa Punta Salinas de Puerto Hermoso, en Ban\u00ed, haciendo contacto directo con los visitantes y supervisando las labores de seguridad.<\/p>\n","protected":false},"excerpt":{"rendered":"<p>BAN\u013a, Rep\u00fablica Dominicana.- La Direcci\u00f3n Regional Sur Central de la Polic\u00eda Nacional, con asiento en Ban\u00ed, tras el lanzamiento oficial en la Fortaleza del plan preventivo \u201cOperativo Semana Santa Conciencia Por la Vida 2023\u201d, despleg\u00f3 cientos de agentes en la provincia Peravia, a los fines de reforzar las labores preventivas, disuasivas y operativas para garantizar [&hellip;]<\/p>\n","protected":false},"author":1,"featured_media":384083,"comment_status":"open","ping_status":"open","sticky":false,"template":"","format":"standard","meta":{"_bbp_topic_count":0,"_bbp_reply_count":0,"_bbp_total_topic_count":0,"_bbp_total_reply_count":0,"_bbp_voice_count":0,"_bbp_anonymous_reply_count":0,"_bbp_topic_count_hidden":0,"_bbp_reply_count_hidden":0,"_bbp_forum_subforum_count":0,"footnotes":""},"categories":[30,109],"tags":[],"class_list":{"0":"post-384082","1":"post","2":"type-post","3":"status-publish","4":"format-standard","5":"has-post-thumbnail","7":"category-actualidad","8":"category-eleccion"},"_links":{"self":[{"href":"https:\/\/primermomento.com\/index.php?rest_route=\/wp\/v2\/posts\/384082","targetHints":{"allow":["GET"]}}],"collection":[{"href":"https:\/\/primermomento.com\/index.php?rest_route=\/wp\/v2\/posts"}],"about":[{"href":"https:\/\/primermomento.com\/index.php?rest_route=\/wp\/v2\/types\/post"}],"author":[{"embeddable":true,"href":"https:\/\/primermomento.com\/index.php?rest_route=\/wp\/v2\/users\/1"}],"replies":[{"embeddable":true,"href":"https:\/\/primermomento.com\/index.php?rest_route=%2Fwp%2Fv2%2Fcomments&post=384082"}],"version-history":[{"count":1,"href":"https:\/\/primermomento.com\/index.php?rest_route=\/wp\/v2\/posts\/384082\/revisions"}],"predecessor-version":[{"id":384084,"href":"https:\/\/primermomento.com\/index.php?rest_route=\/wp\/v2\/posts\/384082\/revisions\/384084"}],"wp:featuredmedia":[{"embeddable":true,"href":"https:\/\/primermomento.com\/index.php?rest_route=\/wp\/v2\/media\/384083"}],"wp:attachment":[{"href":"https:\/\/primermomento.com\/index.php?rest_route=%2Fwp%2Fv2%2Fmedia&parent=384082"}],"wp:term":[{"taxonomy":"category","embeddable":true,"href":"https:\/\/primermomento.com\/index.php?rest_route=%2Fwp%2Fv2%2Fcategories&post=384082"},{"taxonomy":"post_tag","embeddable":true,"href":"https:\/\/primermomento.com\/index.php?rest_route=%2Fwp%2Fv2%2Ftags&post=384082"}],"curies":[{"name":"wp","href":"https:\/\/api.w.org\/{rel}","templated":true}]}}