{"id":384206,"date":"2023-04-10T10:41:30","date_gmt":"2023-04-10T14:41:30","guid":{"rendered":"https:\/\/primermomento.com\/?p=384206"},"modified":"2023-04-10T20:57:00","modified_gmt":"2023-04-11T00:57:00","slug":"preocupa-a-dominicanos-en-ny-firma-de-ley-que-permite-portar-armas-sin-permiso-en-fl","status":"publish","type":"post","link":"https:\/\/primermomento.com\/?p=384206","title":{"rendered":"Preocupa a dominicanos en NY firma de ley que permite portar armas sin permiso en FL"},"content":{"rendered":"\n<p>NUEVA YORK, EEUU.- El gobernador republicano de Florida y aspirante a la Presidencia de los Estados Unidos, Ron Desantis, firm\u00f3 la semana pasada una Ley que permite a los residentes del estado portar armas de fuego sin tener permiso.<\/p>\n\n\n\n<p>La Ley entrar\u00e1 en vigor a partir del pr\u00f3ximo 1 de julio, y los residentes de Florida ya no necesitar\u00e1n de una licencia o capacitaci\u00f3n para portar un arma de fuego oculta.<\/p>\n\n\n\n<p>Tambi\u00e9n se permitir\u00e1 que las escuelas privadas soliciten personal armado en m\u00e1s \u00e1reas escolares.<\/p>\n\n\n\n<p>Dominicanos residentes en la Gran Manzana, con m\u00faltiples familiares, amigos y relacionados viviendo en dicho estado, mostraron preocupaci\u00f3n por la medida, \u201cen un mundo actualmente violento y con tantos fallecimientos con armas de fuego en territorio estadounidense\u201d.<\/p>\n\n\n\n<p>Los quisqueyanos recordaron la muerte a tiros de 17 estudiantes y profesores, adem\u00e1s de 14 heridos graves, en la escuela secundaria Marjory Stoneman Douglas en Parkland-Florida, el 14 de febrero de 2018.<\/p>\n\n\n\n<p>Tambi\u00e9n, la masacre en la discoteca Pulse de Orlando-Florida, donde 49 personas murieron y 53 resultaron heridas, el 12 de junio de 2016.<\/p>\n\n\n\n<p>En ese mismo orden de las armas. Las muertes de menores de edad relacionadas con armas de fuego en Estados Unidos se incrementaron en un 50 % entre 2019-2021 y fueron en su mayor\u00eda homicidios, seg\u00fan un an\u00e1lisis que publica el Centro Pew.<\/p>\n\n\n\n<p>El an\u00e1lisis de las cifras de los Centros para el Control y la Prevenci\u00f3n de Enfermedades (CDC) encontr\u00f3 que en 2021 el 60 % de las muertes de ni\u00f1os y adolescentes relacionadas con armas de fuego fueron homicidios, en comparaci\u00f3n con el 43 % entre los adultos.<\/p>\n\n\n\n<p>La cifra de muertes de ni\u00f1os y adolescentes en incidentes vinculados con armas de fuego subi\u00f3 de 1.732 en 2019 a 2.590 en 2021, seg\u00fan el informe.<\/p>\n\n\n\n<p>Alarmante la situaci\u00f3n de las armas en EUA, porque hasta este domino hab\u00edan fallecidos por balas 11,339 personas, entre ellas 4,865 por homicidio y 6,534 por suicidio. Asimismo, 8,713 heridas, algunas de gravedad, seg\u00fan las estad\u00edsticas de la organizaci\u00f3n \u201cArchivo de Violencia Armada\u201d con sede en Washington DC.<\/p>\n\n\n\n<p>Durante el 2021 fallecieron en USA 45,118 personas por causa de balas y en el 2022 la cantidad de 44,339.<\/p>\n\n\n\n<p class=\"has-text-align-right\"><em>Ram\u00f3n Mercedes<\/em><\/p>\n","protected":false},"excerpt":{"rendered":"<p>NUEVA YORK, EEUU.- El gobernador republicano de Florida y aspirante a la Presidencia de los Estados Unidos, Ron Desantis, firm\u00f3 la semana pasada una Ley que permite a los residentes del estado portar armas de fuego sin tener permiso. La Ley entrar\u00e1 en vigor a partir del pr\u00f3ximo 1 de julio, y los residentes de [&hellip;]<\/p>\n","protected":false},"author":1,"featured_media":384207,"comment_status":"open","ping_status":"open","sticky":false,"template":"","format":"standard","meta":{"_bbp_topic_count":0,"_bbp_reply_count":0,"_bbp_total_topic_count":0,"_bbp_total_reply_count":0,"_bbp_voice_count":0,"_bbp_anonymous_reply_count":0,"_bbp_topic_count_hidden":0,"_bbp_reply_count_hidden":0,"_bbp_forum_subforum_count":0,"footnotes":""},"categories":[30,109],"tags":[],"class_list":{"0":"post-384206","1":"post","2":"type-post","3":"status-publish","4":"format-standard","5":"has-post-thumbnail","7":"category-actualidad","8":"category-eleccion"},"_links":{"self":[{"href":"https:\/\/primermomento.com\/index.php?rest_route=\/wp\/v2\/posts\/384206","targetHints":{"allow":["GET"]}}],"collection":[{"href":"https:\/\/primermomento.com\/index.php?rest_route=\/wp\/v2\/posts"}],"about":[{"href":"https:\/\/primermomento.com\/index.php?rest_route=\/wp\/v2\/types\/post"}],"author":[{"embeddable":true,"href":"https:\/\/primermomento.com\/index.php?rest_route=\/wp\/v2\/users\/1"}],"replies":[{"embeddable":true,"href":"https:\/\/primermomento.com\/index.php?rest_route=%2Fwp%2Fv2%2Fcomments&post=384206"}],"version-history":[{"count":1,"href":"https:\/\/primermomento.com\/index.php?rest_route=\/wp\/v2\/posts\/384206\/revisions"}],"predecessor-version":[{"id":384208,"href":"https:\/\/primermomento.com\/index.php?rest_route=\/wp\/v2\/posts\/384206\/revisions\/384208"}],"wp:featuredmedia":[{"embeddable":true,"href":"https:\/\/primermomento.com\/index.php?rest_route=\/wp\/v2\/media\/384207"}],"wp:attachment":[{"href":"https:\/\/primermomento.com\/index.php?rest_route=%2Fwp%2Fv2%2Fmedia&parent=384206"}],"wp:term":[{"taxonomy":"category","embeddable":true,"href":"https:\/\/primermomento.com\/index.php?rest_route=%2Fwp%2Fv2%2Fcategories&post=384206"},{"taxonomy":"post_tag","embeddable":true,"href":"https:\/\/primermomento.com\/index.php?rest_route=%2Fwp%2Fv2%2Ftags&post=384206"}],"curies":[{"name":"wp","href":"https:\/\/api.w.org\/{rel}","templated":true}]}}