{"id":384250,"date":"2023-04-10T09:02:00","date_gmt":"2023-04-10T13:02:00","guid":{"rendered":"https:\/\/primermomento.com\/?p=384250"},"modified":"2023-04-10T20:57:43","modified_gmt":"2023-04-11T00:57:43","slug":"precios-mundiales-de-alimentos-siguen-muy-altos","status":"publish","type":"post","link":"https:\/\/primermomento.com\/?p=384250","title":{"rendered":"Precios mundiales de alimentos siguen muy altos"},"content":{"rendered":"\n<p>GINEBRA, Suiza.- Los precios mundiales de los alimentos siguen hoy muy altos, pese a la ca\u00edda que experimentaron en marzo, de un 20,5 por ciento, seg\u00fan un informe de la FAO publicado el fin de semana.<\/p>\n\n\n\n<p>El estudio de la Organizaci\u00f3n de las Naciones Unidas para la Alimentaci\u00f3n y la Agricultura (FAO), indic\u00f3 que la baja de las cotizaciones es en comparaci\u00f3n con el r\u00e9cord en su valor registrado hace un a\u00f1o por el efecto de la guerra en Ucrania.<\/p>\n\n\n\n<p>De acuerdo con el texto, entre los factores que coadyuvaron al descenso de los precios en el tercer mes de 2023, figuran la abundancia de suministro, la d\u00e9bil demanda de importaciones y la extensi\u00f3n de la Iniciativa de Granos del Mar Negro (el corredor mar\u00edtimo que permite las exportaciones desde Ucrania).<\/p>\n\n\n\n<p>La FAO consign\u00f3 adem\u00e1s que en marzo, en comparaci\u00f3n con febrero, su \u00edndice, que mide una canasta de productos b\u00e1sicos, baj\u00f3 un 2,1 por ciento.<\/p>\n\n\n\n<p>El economista jefe de la esa organizaci\u00f3n, M\u00e1ximo Torero, dijo que los precios contin\u00faan aumentando en los mercados interiores, lo que plantea problemas adicionales en materia de seguridad alimentaria.<\/p>\n\n\n\n<p>En marzo los precios de los granos retrocedieron un 5,6 por ciento, y un tres los de los aceites vegetales.<\/p>\n\n\n\n<p>Sin embargo, las cotizaciones del az\u00facar subieron un 1,5 por ciento y computaron su nivel m\u00e1s alto desde octubre de 2016, a causa de temores asociados a una ca\u00edda de las proyecciones de producci\u00f3n en India, Tailandia y China.<\/p>\n\n\n\n<p>En cuanto al trigo, el precio de este cereal se contrajo un siete por ciento, debido a una s\u00f3lida producci\u00f3n en Australia, la mejora de la situaci\u00f3n de los cultivos en la Uni\u00f3n Europea, el suministro de Rusia y la continuaci\u00f3n de las exportaciones desde Ucrania\u00bb.<\/p>\n\n\n\n<p>Mientras tanto, las cotizaciones del ma\u00edz cayeron un 4,6 por ciento y las del arroz un 3,2.<\/p>\n\n\n\n<p class=\"has-text-align-right\"><em>PL<\/em><\/p>\n","protected":false},"excerpt":{"rendered":"<p>GINEBRA, Suiza.- Los precios mundiales de los alimentos siguen hoy muy altos, pese a la ca\u00edda que experimentaron en marzo, de un 20,5 por ciento, seg\u00fan un informe de la FAO publicado el fin de semana. El estudio de la Organizaci\u00f3n de las Naciones Unidas para la Alimentaci\u00f3n y la Agricultura (FAO), indic\u00f3 que la [&hellip;]<\/p>\n","protected":false},"author":1,"featured_media":384251,"comment_status":"open","ping_status":"open","sticky":false,"template":"","format":"standard","meta":{"_bbp_topic_count":0,"_bbp_reply_count":0,"_bbp_total_topic_count":0,"_bbp_total_reply_count":0,"_bbp_voice_count":0,"_bbp_anonymous_reply_count":0,"_bbp_topic_count_hidden":0,"_bbp_reply_count_hidden":0,"_bbp_forum_subforum_count":0,"footnotes":""},"categories":[35,109],"tags":[],"class_list":{"0":"post-384250","1":"post","2":"type-post","3":"status-publish","4":"format-standard","5":"has-post-thumbnail","7":"category-economia","8":"category-eleccion"},"_links":{"self":[{"href":"https:\/\/primermomento.com\/index.php?rest_route=\/wp\/v2\/posts\/384250","targetHints":{"allow":["GET"]}}],"collection":[{"href":"https:\/\/primermomento.com\/index.php?rest_route=\/wp\/v2\/posts"}],"about":[{"href":"https:\/\/primermomento.com\/index.php?rest_route=\/wp\/v2\/types\/post"}],"author":[{"embeddable":true,"href":"https:\/\/primermomento.com\/index.php?rest_route=\/wp\/v2\/users\/1"}],"replies":[{"embeddable":true,"href":"https:\/\/primermomento.com\/index.php?rest_route=%2Fwp%2Fv2%2Fcomments&post=384250"}],"version-history":[{"count":1,"href":"https:\/\/primermomento.com\/index.php?rest_route=\/wp\/v2\/posts\/384250\/revisions"}],"predecessor-version":[{"id":384252,"href":"https:\/\/primermomento.com\/index.php?rest_route=\/wp\/v2\/posts\/384250\/revisions\/384252"}],"wp:featuredmedia":[{"embeddable":true,"href":"https:\/\/primermomento.com\/index.php?rest_route=\/wp\/v2\/media\/384251"}],"wp:attachment":[{"href":"https:\/\/primermomento.com\/index.php?rest_route=%2Fwp%2Fv2%2Fmedia&parent=384250"}],"wp:term":[{"taxonomy":"category","embeddable":true,"href":"https:\/\/primermomento.com\/index.php?rest_route=%2Fwp%2Fv2%2Fcategories&post=384250"},{"taxonomy":"post_tag","embeddable":true,"href":"https:\/\/primermomento.com\/index.php?rest_route=%2Fwp%2Fv2%2Ftags&post=384250"}],"curies":[{"name":"wp","href":"https:\/\/api.w.org\/{rel}","templated":true}]}}