{"id":384253,"date":"2023-04-10T09:00:00","date_gmt":"2023-04-10T13:00:00","guid":{"rendered":"https:\/\/primermomento.com\/?p=384253"},"modified":"2023-04-10T20:59:08","modified_gmt":"2023-04-11T00:59:08","slug":"resaltan-en-mexico-critica-mundial-a-politicas-del-fmi-bm-en-su-reunion","status":"publish","type":"post","link":"https:\/\/primermomento.com\/?p=384253","title":{"rendered":"Resaltan en M\u00e9xico cr\u00edtica mundial a pol\u00edticas del FMI-BM en su reuni\u00f3n"},"content":{"rendered":"\n<p>CIUDAD DE M\u00c9XICO, M\u00e9xico.- Fuertes cr\u00edticas a pol\u00edticas obsoletas, injerencistas, discriminadoras y fracasadas, brotan en todo el mundo al empezar hoy en Washington las reuniones de primavera del Banco Mundial (BM) y el Fondo Monetario Internacional (FMI).<\/p>\n\n\n\n<p>As\u00ed lo destac\u00f3 en su edici\u00f3n de este lunes el diario mexicano La Jornada con reportes de sus corresponsales en Washington y Nueva York, que cubren el tradicional encuentro en la sede del FMI en la capital de Estados Unidos, los cuales terminar\u00e1n el pr\u00f3ximo domingo.<\/p>\n\n\n\n<p>Las cr\u00edticas, se\u00f1al\u00f3 peri\u00f3dico, provienen de casi todos los sectores, desde naciones en desarrollo, l\u00edderes internacionales y hasta algunos de sus pa\u00edses miembros m\u00e1s poderosos por su lentitud en reformar sus pol\u00edticas y pr\u00e1cticas para abordar el cambio clim\u00e1tico de manera efectiva y el fracaso de sus estrategias de desarrollo.<\/p>\n\n\n\n<p>En enero pasado, el secretario general de la Organizaci\u00f3n de Naciones Unidas, Ant\u00f3nio Guterres, conden\u00f3 el \u201csistema financiero global moralmente en bancarrota\u2026dise\u00f1ado para beneficiar a los ricos y los poderosos\u201d, record\u00f3 La Jornada.<\/p>\n\n\n\n<p>Citan en particular el Plan de Implementaci\u00f3n Sharm el-Sheikh, emitido en la conclusi\u00f3n de la cumbre sobre cambio clim\u00e1tico COP27 en Egipto en noviembre, que reclam\u00f3 \u201cuna transformaci\u00f3n r\u00e1pida e integral del sistema financiero internacional y sus estructuras y procesos\u201d.<\/p>\n\n\n\n<p>A la vez, el liderazgo pol\u00edtico electo en a\u00f1os recientes en algunas de las principales naciones de Am\u00e9rica Latina cuestiona directamente el modelo de desarrollo, promovido hist\u00f3ricamente por estas dos instituciones multilaterales.<\/p>\n\n\n\n<p>Estas presiones a favor de un cambio en el sistema sostenido por estas dos instituciones multilaterales est\u00e1n obligando a que algunos de los contribuyentes m\u00e1s grandes de estas entidades abracen el llamado a un giro dram\u00e1tico, indicaron los corresponsales.<\/p>\n\n\n\n<p>Despu\u00e9s del COP27, Francia acept\u00f3 ser anfitri\u00f3n de una conferencia en junio pr\u00f3ximo llamada Cumbre para un Nuevo Pacto Financiero Global, a la cual ya confirmaron su asistencia el presidente brasile\u00f1o, Luiz In\u00e1cio Lula da Silva; y la primera ministra de Barbados, Mia Motley, l\u00edder ambientalista.<\/p>\n\n\n\n<p>La revista brit\u00e1nica The Economist describi\u00f3 al FMI como una instituci\u00f3n que padece una crisis de identidad y est\u00e1 paralizado porque aspira a representar al mundo, pero es un club controlado por Estados Unidos.<\/p>\n\n\n\n<p>El BM, el cual tiene un papel diferente al FMI, respondi\u00f3 a las cr\u00edticas elaborando lo que llama \u201cun mapa de camino evolucionario\u201d que ser\u00e1 presentado a los gobernadores de la instituci\u00f3n esta semana.<\/p>\n\n\n\n<p>Agreg\u00f3 que el grupo del BM tiene que evolucionar en respuesta a la confluencia sin precedente de crisis globales que han volcado el progreso en desarrollo y amenaza a la gente y al planeta.<\/p>\n\n\n\n<p>Un 60 por ciento de pa\u00edses de ingresos bajos est\u00e1n muy endeudado y con alta vulnerabilidad. Cr\u00edticos se\u00f1alan necesario elevar los montos de dinero y cambiar el paradigma de desarrollo del FMI y el BM.<\/p>\n\n\n\n<p class=\"has-text-align-right\"><em>PL<\/em><\/p>\n","protected":false},"excerpt":{"rendered":"<p>CIUDAD DE M\u00c9XICO, M\u00e9xico.- Fuertes cr\u00edticas a pol\u00edticas obsoletas, injerencistas, discriminadoras y fracasadas, brotan en todo el mundo al empezar hoy en Washington las reuniones de primavera del Banco Mundial (BM) y el Fondo Monetario Internacional (FMI). As\u00ed lo destac\u00f3 en su edici\u00f3n de este lunes el diario mexicano La Jornada con reportes de sus [&hellip;]<\/p>\n","protected":false},"author":1,"featured_media":384254,"comment_status":"open","ping_status":"open","sticky":false,"template":"","format":"standard","meta":{"_bbp_topic_count":0,"_bbp_reply_count":0,"_bbp_total_topic_count":0,"_bbp_total_reply_count":0,"_bbp_voice_count":0,"_bbp_anonymous_reply_count":0,"_bbp_topic_count_hidden":0,"_bbp_reply_count_hidden":0,"_bbp_forum_subforum_count":0,"footnotes":""},"categories":[35,109],"tags":[],"class_list":{"0":"post-384253","1":"post","2":"type-post","3":"status-publish","4":"format-standard","5":"has-post-thumbnail","7":"category-economia","8":"category-eleccion"},"_links":{"self":[{"href":"https:\/\/primermomento.com\/index.php?rest_route=\/wp\/v2\/posts\/384253","targetHints":{"allow":["GET"]}}],"collection":[{"href":"https:\/\/primermomento.com\/index.php?rest_route=\/wp\/v2\/posts"}],"about":[{"href":"https:\/\/primermomento.com\/index.php?rest_route=\/wp\/v2\/types\/post"}],"author":[{"embeddable":true,"href":"https:\/\/primermomento.com\/index.php?rest_route=\/wp\/v2\/users\/1"}],"replies":[{"embeddable":true,"href":"https:\/\/primermomento.com\/index.php?rest_route=%2Fwp%2Fv2%2Fcomments&post=384253"}],"version-history":[{"count":1,"href":"https:\/\/primermomento.com\/index.php?rest_route=\/wp\/v2\/posts\/384253\/revisions"}],"predecessor-version":[{"id":384255,"href":"https:\/\/primermomento.com\/index.php?rest_route=\/wp\/v2\/posts\/384253\/revisions\/384255"}],"wp:featuredmedia":[{"embeddable":true,"href":"https:\/\/primermomento.com\/index.php?rest_route=\/wp\/v2\/media\/384254"}],"wp:attachment":[{"href":"https:\/\/primermomento.com\/index.php?rest_route=%2Fwp%2Fv2%2Fmedia&parent=384253"}],"wp:term":[{"taxonomy":"category","embeddable":true,"href":"https:\/\/primermomento.com\/index.php?rest_route=%2Fwp%2Fv2%2Fcategories&post=384253"},{"taxonomy":"post_tag","embeddable":true,"href":"https:\/\/primermomento.com\/index.php?rest_route=%2Fwp%2Fv2%2Ftags&post=384253"}],"curies":[{"name":"wp","href":"https:\/\/api.w.org\/{rel}","templated":true}]}}