{"id":384297,"date":"2023-04-11T05:00:00","date_gmt":"2023-04-11T09:00:00","guid":{"rendered":"https:\/\/primermomento.com\/?p=384297"},"modified":"2023-04-11T06:01:26","modified_gmt":"2023-04-11T10:01:26","slug":"violencia-criminal-deja-tres-muertes-y-dos-heridos-en-puerto-rico","status":"publish","type":"post","link":"https:\/\/primermomento.com\/?p=384297","title":{"rendered":"Violencia criminal deja tres muertes y dos heridos en Puerto Rico"},"content":{"rendered":"\n<p>SAN JUAN, Puerto Rico.- La violencia criminal dej\u00f3 tres personas muertas y otras dos heridas en el barrio Guaman\u00ed, en el municipio de Guayama, en el sur de Puerto Rico, confirmaron las autoridades policiales.<\/p>\n\n\n\n<p>Se indic\u00f3 que poco despu\u00e9s de las 16:00 horas local se produjo una balacera frente al negocio El Campesino, cobrando las vidas de tres hombres entre los 40 y 50 a\u00f1os edad, v\u00edctimas de sicarios.<\/p>\n\n\n\n<p>Las v\u00edctimas compart\u00edan en los predios del establecimiento cuando los individuos dispararon desde un veh\u00edculo en movimiento.<\/p>\n\n\n\n<p>La tr\u00e1gica situaci\u00f3n ten\u00eda consternados a los residentes del sector, quienes aseguraron a los periodistas que se trata de una barriada tranquila.<\/p>\n\n\n\n<p>Al igual que en Estados Unidos, las muertes m\u00faltiples se han hecho cada vez m\u00e1s frecuentes en esta isla del Caribe, bajo su dominaci\u00f3n colonial.<\/p>\n\n\n\n<p>La Polic\u00eda de Puerto Rico inform\u00f3 que esta es la segunda masacre ocurrido en lo que va de 2023, siendo la primera en un complejo habitacional en Cata\u00f1o, cerca de San Juan, el pasado 20 de febrero, donde muri\u00f3 dos adultos y un menor de cuatro a\u00f1os.<\/p>\n\n\n\n<p>Generalmente estos incidentes est\u00e1n vinculados al trasiego ilegal de drogas en el pa\u00eds.<\/p>\n\n\n\n<p class=\"has-text-align-right\"><em>PL<\/em><\/p>\n","protected":false},"excerpt":{"rendered":"<p>SAN JUAN, Puerto Rico.- La violencia criminal dej\u00f3 tres personas muertas y otras dos heridas en el barrio Guaman\u00ed, en el municipio de Guayama, en el sur de Puerto Rico, confirmaron las autoridades policiales. Se indic\u00f3 que poco despu\u00e9s de las 16:00 horas local se produjo una balacera frente al negocio El Campesino, cobrando las [&hellip;]<\/p>\n","protected":false},"author":1,"featured_media":384298,"comment_status":"open","ping_status":"open","sticky":false,"template":"","format":"standard","meta":{"_bbp_topic_count":0,"_bbp_reply_count":0,"_bbp_total_topic_count":0,"_bbp_total_reply_count":0,"_bbp_voice_count":0,"_bbp_anonymous_reply_count":0,"_bbp_topic_count_hidden":0,"_bbp_reply_count_hidden":0,"_bbp_forum_subforum_count":0,"footnotes":""},"categories":[61],"tags":[],"class_list":{"0":"post-384297","1":"post","2":"type-post","3":"status-publish","4":"format-standard","5":"has-post-thumbnail","7":"category-mundo"},"_links":{"self":[{"href":"https:\/\/primermomento.com\/index.php?rest_route=\/wp\/v2\/posts\/384297","targetHints":{"allow":["GET"]}}],"collection":[{"href":"https:\/\/primermomento.com\/index.php?rest_route=\/wp\/v2\/posts"}],"about":[{"href":"https:\/\/primermomento.com\/index.php?rest_route=\/wp\/v2\/types\/post"}],"author":[{"embeddable":true,"href":"https:\/\/primermomento.com\/index.php?rest_route=\/wp\/v2\/users\/1"}],"replies":[{"embeddable":true,"href":"https:\/\/primermomento.com\/index.php?rest_route=%2Fwp%2Fv2%2Fcomments&post=384297"}],"version-history":[{"count":1,"href":"https:\/\/primermomento.com\/index.php?rest_route=\/wp\/v2\/posts\/384297\/revisions"}],"predecessor-version":[{"id":384299,"href":"https:\/\/primermomento.com\/index.php?rest_route=\/wp\/v2\/posts\/384297\/revisions\/384299"}],"wp:featuredmedia":[{"embeddable":true,"href":"https:\/\/primermomento.com\/index.php?rest_route=\/wp\/v2\/media\/384298"}],"wp:attachment":[{"href":"https:\/\/primermomento.com\/index.php?rest_route=%2Fwp%2Fv2%2Fmedia&parent=384297"}],"wp:term":[{"taxonomy":"category","embeddable":true,"href":"https:\/\/primermomento.com\/index.php?rest_route=%2Fwp%2Fv2%2Fcategories&post=384297"},{"taxonomy":"post_tag","embeddable":true,"href":"https:\/\/primermomento.com\/index.php?rest_route=%2Fwp%2Fv2%2Ftags&post=384297"}],"curies":[{"name":"wp","href":"https:\/\/api.w.org\/{rel}","templated":true}]}}