{"id":384300,"date":"2023-04-11T04:02:00","date_gmt":"2023-04-11T08:02:00","guid":{"rendered":"https:\/\/primermomento.com\/?p=384300"},"modified":"2023-04-11T06:11:50","modified_gmt":"2023-04-11T10:11:50","slug":"estrenaran-tres-peliculas-de-star-wars","status":"publish","type":"post","link":"https:\/\/primermomento.com\/?p=384300","title":{"rendered":"Estrenar\u00e1n tres pel\u00edculas de Star Wars"},"content":{"rendered":"\n<p class=\"wp-block-paragraph\">LOS \u00c1NGELES, EEUU.- Las compa\u00f1\u00edas Disney y Lucasfilm confirmaron la realizaci\u00f3n de tres nuevas pel\u00edculas de Star Wars, seg\u00fan anuncia en Twitter el perfil de la franquicia gal\u00e1ctica.<\/p>\n\n\n\n<p class=\"wp-block-paragraph\">Uno de estos largometrajes estar\u00e1 centrado en el personaje Rey Skywalker, quien adopt\u00f3 el apellido de su maestro Luke Skywalker tras los eventos de Star Wars Episodio IX: El ascenso de Skywalker.<\/p>\n\n\n\n<p class=\"wp-block-paragraph\">En cuanto a las otras dos cintas anunciadas, una ser\u00e1 dirigida por James Mangold, director de la nueva Indiana Jones y el Dial del Destino, y la siguiente contar\u00e1 con la direcci\u00f3n de Dave Filoni, muy conocido por los fans de Star Wars.<\/p>\n\n\n\n<p class=\"wp-block-paragraph\">Como novedad la saga acoge para su serie Visions a nombres espa\u00f1oles dentro de su crecimiento al fichar a los actores \u00darsula Corber\u00f3 y Luis Tosar, seg\u00fan anunciaron.<\/p>\n\n\n\n<p class=\"wp-block-paragraph\">Ambos ser\u00e1n las voces principales del cortometraje producido por el estudio espa\u00f1ol El Guiri en la segunda temporada de la serie de animaci\u00f3n, la cual llegar\u00e1 a Disney+ el pr\u00f3ximo 4 de mayo ya ha lanzado su primer tr\u00e1iler.<\/p>\n\n\n\n<p class=\"has-text-align-right wp-block-paragraph\"><em>PL<\/em><\/p>\n","protected":false},"excerpt":{"rendered":"<p>LOS \u00c1NGELES, EEUU.- Las compa\u00f1\u00edas Disney y Lucasfilm confirmaron la realizaci\u00f3n de tres nuevas pel\u00edculas de Star Wars, seg\u00fan anuncia en Twitter el perfil de la franquicia gal\u00e1ctica. Uno de estos largometrajes estar\u00e1 centrado en el personaje Rey Skywalker, quien adopt\u00f3 el apellido de su maestro Luke Skywalker tras los eventos de Star Wars Episodio [&hellip;]<\/p>\n","protected":false},"author":1,"featured_media":384301,"comment_status":"open","ping_status":"open","sticky":false,"template":"","format":"standard","meta":{"_bbp_topic_count":0,"_bbp_reply_count":0,"_bbp_total_topic_count":0,"_bbp_total_reply_count":0,"_bbp_voice_count":0,"_bbp_anonymous_reply_count":0,"_bbp_topic_count_hidden":0,"_bbp_reply_count_hidden":0,"_bbp_forum_subforum_count":0,"footnotes":""},"categories":[39],"tags":[],"class_list":["post-384300","post","type-post","status-publish","format-standard","has-post-thumbnail","category-entretenimiento"],"_links":{"self":[{"href":"https:\/\/primermomento.com\/index.php?rest_route=\/wp\/v2\/posts\/384300","targetHints":{"allow":["GET"]}}],"collection":[{"href":"https:\/\/primermomento.com\/index.php?rest_route=\/wp\/v2\/posts"}],"about":[{"href":"https:\/\/primermomento.com\/index.php?rest_route=\/wp\/v2\/types\/post"}],"author":[{"embeddable":true,"href":"https:\/\/primermomento.com\/index.php?rest_route=\/wp\/v2\/users\/1"}],"replies":[{"embeddable":true,"href":"https:\/\/primermomento.com\/index.php?rest_route=%2Fwp%2Fv2%2Fcomments&post=384300"}],"version-history":[{"count":1,"href":"https:\/\/primermomento.com\/index.php?rest_route=\/wp\/v2\/posts\/384300\/revisions"}],"predecessor-version":[{"id":384302,"href":"https:\/\/primermomento.com\/index.php?rest_route=\/wp\/v2\/posts\/384300\/revisions\/384302"}],"wp:featuredmedia":[{"embeddable":true,"href":"https:\/\/primermomento.com\/index.php?rest_route=\/wp\/v2\/media\/384301"}],"wp:attachment":[{"href":"https:\/\/primermomento.com\/index.php?rest_route=%2Fwp%2Fv2%2Fmedia&parent=384300"}],"wp:term":[{"taxonomy":"category","embeddable":true,"href":"https:\/\/primermomento.com\/index.php?rest_route=%2Fwp%2Fv2%2Fcategories&post=384300"},{"taxonomy":"post_tag","embeddable":true,"href":"https:\/\/primermomento.com\/index.php?rest_route=%2Fwp%2Fv2%2Ftags&post=384300"}],"curies":[{"name":"wp","href":"https:\/\/api.w.org\/{rel}","templated":true}]}}