{"id":384482,"date":"2023-04-12T18:50:00","date_gmt":"2023-04-12T22:50:00","guid":{"rendered":"https:\/\/primermomento.com\/?p=384482"},"modified":"2023-04-12T20:43:17","modified_gmt":"2023-04-13T00:43:17","slug":"trump-pide-aplazar-el-juicio-por-violacion-y-difamacion-a-carroll","status":"publish","type":"post","link":"https:\/\/primermomento.com\/?p=384482","title":{"rendered":"Trump pide aplazar el juicio por violaci\u00f3n y difamaci\u00f3n a Carroll"},"content":{"rendered":"\n<p>Los abogados del expresidente estadounidense Donald Trump han pedido aplazar un mes el juicio previsto para el pr\u00f3ximo 25 de abril en el que est\u00e1 acusado de violar a la autora E. Jean Carroll hace tres d\u00e9cadas y de difamarla recientemente, seg\u00fan un documento publicado por el tribunal este mi\u00e9rcoles.<\/p>\n\n\n\n<p>La defensa de Trump argumenta que su \u00abderecho a un juicio justo depende de un breve periodo de enfriamiento\u00bb tras el \u00abaluvi\u00f3n de la cobertura medi\u00e1tica perjudicial por su imputaci\u00f3n\u00bb en el caso penal por los supuestos pagos irregulares para silenciar informaci\u00f3n da\u00f1ina antes de las elecciones de 2016, que gan\u00f3.<\/p>\n\n\n\n<p>En la carta, dirigida al juez Lewis Kaplan, se\u00f1alan que celebrar este juicio a finales de abril \u00abgarantizar\u00e1 que muchos, si no todos, los potenciales jurados\u00bb tendr\u00e1n \u00aben mente\u00bb la acusaci\u00f3n hist\u00f3rica de la Fiscal\u00eda de Manhattan en torno a la presunta \u00abaventura extra marital\u00bb de Trump con la actriz porno Stormy Daniels.<\/p>\n\n\n\n<p>Los abogados consideran que se trata de una \u00absituaci\u00f3n \u00fanica\u00bb porque \u00abla cobertura reciente se relaciona con una supuesta mala conducta sexual\u00bb, como en el litigio de la autora, y agregan que el gran volumen de noticias derivado de ese caso est\u00e1 generando un mayor inter\u00e9s en de Carroll.<\/p>\n\n\n\n<p>La nueva fecha que piden es el 23 de mayo, como pronto, al calcular que se abre una \u00abventana\u00bb de tiempo en la que el jurado del juicio de Carroll \u00abser\u00e1 probablemente m\u00e1s imparcial\u00bb que ahora.<\/p>\n\n\n\n<p>Carroll, de 79 a\u00f1os, acus\u00f3 a Trump de violaci\u00f3n en un libro y en un art\u00edculo de una revista en 2019, algo que este neg\u00f3 llam\u00e1ndola p\u00fablicamente mentirosa y haciendo comentarios despectivos sobre su aspecto, tras lo que la autora decidi\u00f3 emprender una batalla legal contra \u00e9l por difamaci\u00f3n.<\/p>\n\n\n\n<p>A finales de 2022, Carroll sum\u00f3 a esa demanda un nuevo cargo por lesiones derivadas de la presunta violaci\u00f3n al abrirse un periodo legal en Nueva York para buscar justicia por la v\u00eda civil en casos relacionados con la violencia sexual que hasta entonces estaban prescritos.<\/p>\n\n\n\n<p class=\"has-text-align-right\"><em>EFE<\/em><\/p>\n","protected":false},"excerpt":{"rendered":"<p>Los abogados del expresidente estadounidense Donald Trump han pedido aplazar un mes el juicio previsto para el pr\u00f3ximo 25 de abril en el que est\u00e1 acusado de violar a la autora E. Jean Carroll hace tres d\u00e9cadas y de difamarla recientemente, seg\u00fan un documento publicado por el tribunal este mi\u00e9rcoles. La defensa de Trump argumenta [&hellip;]<\/p>\n","protected":false},"author":1,"featured_media":381140,"comment_status":"open","ping_status":"open","sticky":false,"template":"","format":"standard","meta":{"_bbp_topic_count":0,"_bbp_reply_count":0,"_bbp_total_topic_count":0,"_bbp_total_reply_count":0,"_bbp_voice_count":0,"_bbp_anonymous_reply_count":0,"_bbp_topic_count_hidden":0,"_bbp_reply_count_hidden":0,"_bbp_forum_subforum_count":0,"footnotes":""},"categories":[61],"tags":[],"class_list":{"0":"post-384482","1":"post","2":"type-post","3":"status-publish","4":"format-standard","5":"has-post-thumbnail","7":"category-mundo"},"_links":{"self":[{"href":"https:\/\/primermomento.com\/index.php?rest_route=\/wp\/v2\/posts\/384482","targetHints":{"allow":["GET"]}}],"collection":[{"href":"https:\/\/primermomento.com\/index.php?rest_route=\/wp\/v2\/posts"}],"about":[{"href":"https:\/\/primermomento.com\/index.php?rest_route=\/wp\/v2\/types\/post"}],"author":[{"embeddable":true,"href":"https:\/\/primermomento.com\/index.php?rest_route=\/wp\/v2\/users\/1"}],"replies":[{"embeddable":true,"href":"https:\/\/primermomento.com\/index.php?rest_route=%2Fwp%2Fv2%2Fcomments&post=384482"}],"version-history":[{"count":1,"href":"https:\/\/primermomento.com\/index.php?rest_route=\/wp\/v2\/posts\/384482\/revisions"}],"predecessor-version":[{"id":384484,"href":"https:\/\/primermomento.com\/index.php?rest_route=\/wp\/v2\/posts\/384482\/revisions\/384484"}],"wp:featuredmedia":[{"embeddable":true,"href":"https:\/\/primermomento.com\/index.php?rest_route=\/wp\/v2\/media\/381140"}],"wp:attachment":[{"href":"https:\/\/primermomento.com\/index.php?rest_route=%2Fwp%2Fv2%2Fmedia&parent=384482"}],"wp:term":[{"taxonomy":"category","embeddable":true,"href":"https:\/\/primermomento.com\/index.php?rest_route=%2Fwp%2Fv2%2Fcategories&post=384482"},{"taxonomy":"post_tag","embeddable":true,"href":"https:\/\/primermomento.com\/index.php?rest_route=%2Fwp%2Fv2%2Ftags&post=384482"}],"curies":[{"name":"wp","href":"https:\/\/api.w.org\/{rel}","templated":true}]}}