{"id":384606,"date":"2023-04-13T19:09:35","date_gmt":"2023-04-13T23:09:35","guid":{"rendered":"https:\/\/primermomento.com\/?p=384606"},"modified":"2023-04-14T07:39:42","modified_gmt":"2023-04-14T11:39:42","slug":"republica-dominicana-refuta-de-nuevo-alerta-migratoria-de-eeuu","status":"publish","type":"post","link":"https:\/\/primermomento.com\/?p=384606","title":{"rendered":"Rep\u00fablica Dominicana refuta de nuevo alerta migratoria de EEUU"},"content":{"rendered":"\n<p>SANTO DOMINGO, Rep\u00fablica Dominicana.- El presidente dominicano, Luis Abinader, tild\u00f3 este jueves de injustificable la alerta emitida en 2022 por EE.UU. a sus ciudadanos de piel oscura por el supuesto incremento en el pa\u00eds caribe\u00f1o de los operativos contra indocumentados, especialmente los de ascendencia afroamericana, la cual ha repercutido en el turismo.<\/p>\n\n\n\n<p>La alerta fue emitida en noviembre pasado por la embajada de Estados Unidos en la Rep\u00fablica Dominicana que, de acuerdo con cifras oficiales, ha dejado de recibir unos 35.000 turistas desde entonces a causa de esa medida.<\/p>\n\n\n\n<p>El tema resurgi\u00f3 a ra\u00edz de la visita realizada este mi\u00e9rcoles a la Rep\u00fablica Dominicana por la subsecretaria de Estado de EE.UU., Wendy Sherman, quien se reuni\u00f3 con Abinader y con el canciller, Roberto \u00c1lvarez, quienes le hablaron del tema.<\/p>\n\n\n\n<p>Preguntado hoy por la prensa al respecto, el gobernante dijo que \u00abno hay ninguna justificaci\u00f3n para esto\u00bb y confi\u00f3 en que \u00abla sensatez se imponga en ese sentido\u00bb.<\/p>\n\n\n\n<p>La Embajada de Estados Unidos en el pa\u00eds alert\u00f3 en noviembre a los ciudadanos estadounidenses de piel oscura sobre un supuesto incremento de los operativos de la Direcci\u00f3n General de Migraci\u00f3n.<\/p>\n\n\n\n<p>En un comunicado, la delegaci\u00f3n diplom\u00e1tica se\u00f1al\u00f3 que dichos operativos pueden llevar a una \u00abmayor interacci\u00f3n\u00bb con las autoridades dominicanas, especialmente para los estadounidenses de piel m\u00e1s oscura y los de ascendencia africana. <\/p>\n\n\n\n<p class=\"has-text-align-right\"><em>EFE<\/em><\/p>\n","protected":false},"excerpt":{"rendered":"<p>SANTO DOMINGO, Rep\u00fablica Dominicana.- El presidente dominicano, Luis Abinader, tild\u00f3 este jueves de injustificable la alerta emitida en 2022 por EE.UU. a sus ciudadanos de piel oscura por el supuesto incremento en el pa\u00eds caribe\u00f1o de los operativos contra indocumentados, especialmente los de ascendencia afroamericana, la cual ha repercutido en el turismo. La alerta fue [&hellip;]<\/p>\n","protected":false},"author":1,"featured_media":372128,"comment_status":"open","ping_status":"open","sticky":false,"template":"","format":"standard","meta":{"_bbp_topic_count":0,"_bbp_reply_count":0,"_bbp_total_topic_count":0,"_bbp_total_reply_count":0,"_bbp_voice_count":0,"_bbp_anonymous_reply_count":0,"_bbp_topic_count_hidden":0,"_bbp_reply_count_hidden":0,"_bbp_forum_subforum_count":0,"footnotes":""},"categories":[61],"tags":[],"class_list":{"0":"post-384606","1":"post","2":"type-post","3":"status-publish","4":"format-standard","5":"has-post-thumbnail","7":"category-mundo"},"_links":{"self":[{"href":"https:\/\/primermomento.com\/index.php?rest_route=\/wp\/v2\/posts\/384606","targetHints":{"allow":["GET"]}}],"collection":[{"href":"https:\/\/primermomento.com\/index.php?rest_route=\/wp\/v2\/posts"}],"about":[{"href":"https:\/\/primermomento.com\/index.php?rest_route=\/wp\/v2\/types\/post"}],"author":[{"embeddable":true,"href":"https:\/\/primermomento.com\/index.php?rest_route=\/wp\/v2\/users\/1"}],"replies":[{"embeddable":true,"href":"https:\/\/primermomento.com\/index.php?rest_route=%2Fwp%2Fv2%2Fcomments&post=384606"}],"version-history":[{"count":1,"href":"https:\/\/primermomento.com\/index.php?rest_route=\/wp\/v2\/posts\/384606\/revisions"}],"predecessor-version":[{"id":384607,"href":"https:\/\/primermomento.com\/index.php?rest_route=\/wp\/v2\/posts\/384606\/revisions\/384607"}],"wp:featuredmedia":[{"embeddable":true,"href":"https:\/\/primermomento.com\/index.php?rest_route=\/wp\/v2\/media\/372128"}],"wp:attachment":[{"href":"https:\/\/primermomento.com\/index.php?rest_route=%2Fwp%2Fv2%2Fmedia&parent=384606"}],"wp:term":[{"taxonomy":"category","embeddable":true,"href":"https:\/\/primermomento.com\/index.php?rest_route=%2Fwp%2Fv2%2Fcategories&post=384606"},{"taxonomy":"post_tag","embeddable":true,"href":"https:\/\/primermomento.com\/index.php?rest_route=%2Fwp%2Fv2%2Ftags&post=384606"}],"curies":[{"name":"wp","href":"https:\/\/api.w.org\/{rel}","templated":true}]}}