{"id":384731,"date":"2023-04-15T14:13:10","date_gmt":"2023-04-15T18:13:10","guid":{"rendered":"https:\/\/primermomento.com\/?p=384731"},"modified":"2023-04-16T20:38:29","modified_gmt":"2023-04-17T00:38:29","slug":"eeuu-inculpo-a-hijos-de-el-chapo-guzman-por-trafico-de-fentanilo","status":"publish","type":"post","link":"https:\/\/primermomento.com\/?p=384731","title":{"rendered":"EEUU inculp\u00f3 a hijos de El Chapo Guzm\u00e1n por tr\u00e1fico de fentanilo"},"content":{"rendered":"\n<p>CIUDAD DE M\u00c9XICO, M\u00e9xico.- El gobierno de Estados Unidos inculp\u00f3 a cuatro hijos de Joaqu\u00edn El Chapo Guzm\u00e1n, de ser autores del tr\u00e1fico de fentanilo desde M\u00e9xico y Guatemala hacia ese pa\u00eds, informan hoy medios de prensa.<\/p>\n\n\n\n<p>Varios diarios como La Jornada, Excelsior, Milenio y otros, se hacen eco de una nota procedente del vecino pa\u00eds que tambi\u00e9n inculpa a proveedores chinos de suministrar los precursores qu\u00edmicos para la fabricaci\u00f3n de la droga en Guatemala y M\u00e9xico, pero el gobierno de Beijing lo niega, y el de M\u00e9xico asegura que el pa\u00eds no fabrica fentanilo.<\/p>\n\n\n\n<p>El presidente Andr\u00e9s Manuel L\u00f3pez Obrador ha reiterado que el fentanilo llega a Estados Unidos por Canad\u00e1, Europa y Asia, mientras que China le recuerda a Washington que esa es una responsabilidad suya y debe resolverla sin involucrar a terceros.<\/p>\n\n\n\n<p>Las declaraciones de Washington se producen a menos de 24 horas de una reuni\u00f3n con una delegaci\u00f3n de muy alto nivel mexicana, encabezada por el canciller Marcelo Ebrard para coordinar la lucha contra el tr\u00e1fico de esa droga sint\u00e9tica y de armas hacia territorio mexicano fabricadas en Estados Unidos para los carteles que operan en este pa\u00eds.<\/p>\n\n\n\n<p>El Departamento de Justicia estadounidense acus\u00f3 como intermediaria para el tr\u00e1fico de fentanilo a la guatemalteca Ana Gabriela Rubio Zea, entre otras personas relacionadas con el c\u00e1rtel de Sinaloa.<\/p>\n\n\n\n<p>El fiscal general, Merrick Garland, en conferencia de prensa, dio cuenta de medidas contra \u201cla mayor, la m\u00e1s violenta y la m\u00e1s prol\u00edfica operaci\u00f3n de tr\u00e1fico de fentanilo del mundo\u201d y dijo que la justicia estadounidense acusa formalmente a \u201clos l\u00edderes del cartel conocidos como Los Chapitos\u201d, se\u00f1al\u00f3.<\/p>\n\n\n\n<p>Su acusaci\u00f3n la hizo al retirarse del pa\u00eds la delegaci\u00f3n mexicana que tambi\u00e9n integraron los secretarios de Defensa y de Seguridad Ciudadana con la cual acordaron combatir el tr\u00e1fico de fentanilo y de armas, como parte del Entendimiento Bicentenario sobre Seguridad binacional, que data de 2021.<\/p>\n\n\n\n<p>Antes del encuentro, la Casa Blanca divulg\u00f3 el mi\u00e9rcoles una serie de iniciativas, entre ellas la planeaci\u00f3n de sanciones y la creaci\u00f3n de una coalici\u00f3n global para detener el flujo de este opiodes.<\/p>\n\n\n\n<p>Siete miembros de la red ya han sido detenidos en Colombia, Grecia, Guatemala y Estados Unidos, afirm\u00f3 en rueda de prensa la directora de la Administraci\u00f3n de Control de Drogas (DEA), Anne Milgram, para quien el c\u00e1rtel de Sinaloa y Los Chapitos son los principales responsables del tr\u00e1fico de fentanilo.<\/p>\n\n\n\n<p>Dos de los hermanos, Iv\u00e1n Archivaldo Guzm\u00e1n Salazar y Jes\u00fas Alfredo Guzm\u00e1n Salazar, son l\u00edderes del c\u00e1rtel, junto con Ovidio Guzm\u00e1n L\u00f3pez, preso en Estados Unidos e imputado en una acusaci\u00f3n separada por su papel en actividades de fabricaci\u00f3n y tr\u00e1fico para el c\u00e1rtel, detall\u00f3 Garland.<\/p>\n\n\n\n<p>En otra acusaci\u00f3n formal en Nueva York figura el nombre de otro Chapito, Joaqu\u00edn Guzm\u00e1n L\u00f3pez, y los cuatro en otra, pero en un tribunal de Illinois.<\/p>\n\n\n\n<p>Los hijos de El Chapo \u201cheredaron un imperio mundial del narcotr\u00e1fico, lo hicieron m\u00e1s despiadado, m\u00e1s violento, m\u00e1s letal y lo usaron para propagar un nuevo veneno, el fentanilo\u201d, dijo Milgram.<\/p>\n\n\n\n<p class=\"has-text-align-right\"><em>PL<\/em><\/p>\n","protected":false},"excerpt":{"rendered":"<p>CIUDAD DE M\u00c9XICO, M\u00e9xico.- El gobierno de Estados Unidos inculp\u00f3 a cuatro hijos de Joaqu\u00edn El Chapo Guzm\u00e1n, de ser autores del tr\u00e1fico de fentanilo desde M\u00e9xico y Guatemala hacia ese pa\u00eds, informan hoy medios de prensa. Varios diarios como La Jornada, Excelsior, Milenio y otros, se hacen eco de una nota procedente del vecino [&hellip;]<\/p>\n","protected":false},"author":1,"featured_media":384732,"comment_status":"open","ping_status":"open","sticky":false,"template":"","format":"standard","meta":{"_bbp_topic_count":0,"_bbp_reply_count":0,"_bbp_total_topic_count":0,"_bbp_total_reply_count":0,"_bbp_voice_count":0,"_bbp_anonymous_reply_count":0,"_bbp_topic_count_hidden":0,"_bbp_reply_count_hidden":0,"_bbp_forum_subforum_count":0,"footnotes":""},"categories":[109,61],"tags":[],"class_list":{"0":"post-384731","1":"post","2":"type-post","3":"status-publish","4":"format-standard","5":"has-post-thumbnail","7":"category-eleccion","8":"category-mundo"},"_links":{"self":[{"href":"https:\/\/primermomento.com\/index.php?rest_route=\/wp\/v2\/posts\/384731","targetHints":{"allow":["GET"]}}],"collection":[{"href":"https:\/\/primermomento.com\/index.php?rest_route=\/wp\/v2\/posts"}],"about":[{"href":"https:\/\/primermomento.com\/index.php?rest_route=\/wp\/v2\/types\/post"}],"author":[{"embeddable":true,"href":"https:\/\/primermomento.com\/index.php?rest_route=\/wp\/v2\/users\/1"}],"replies":[{"embeddable":true,"href":"https:\/\/primermomento.com\/index.php?rest_route=%2Fwp%2Fv2%2Fcomments&post=384731"}],"version-history":[{"count":1,"href":"https:\/\/primermomento.com\/index.php?rest_route=\/wp\/v2\/posts\/384731\/revisions"}],"predecessor-version":[{"id":384733,"href":"https:\/\/primermomento.com\/index.php?rest_route=\/wp\/v2\/posts\/384731\/revisions\/384733"}],"wp:featuredmedia":[{"embeddable":true,"href":"https:\/\/primermomento.com\/index.php?rest_route=\/wp\/v2\/media\/384732"}],"wp:attachment":[{"href":"https:\/\/primermomento.com\/index.php?rest_route=%2Fwp%2Fv2%2Fmedia&parent=384731"}],"wp:term":[{"taxonomy":"category","embeddable":true,"href":"https:\/\/primermomento.com\/index.php?rest_route=%2Fwp%2Fv2%2Fcategories&post=384731"},{"taxonomy":"post_tag","embeddable":true,"href":"https:\/\/primermomento.com\/index.php?rest_route=%2Fwp%2Fv2%2Ftags&post=384731"}],"curies":[{"name":"wp","href":"https:\/\/api.w.org\/{rel}","templated":true}]}}