{"id":384734,"date":"2023-04-15T14:16:24","date_gmt":"2023-04-15T18:16:24","guid":{"rendered":"https:\/\/primermomento.com\/?p=384734"},"modified":"2023-04-16T20:39:48","modified_gmt":"2023-04-17T00:39:48","slug":"pasaportes-trabajara-los-sabados-para-hacer-frente-a-la-demanda","status":"publish","type":"post","link":"https:\/\/primermomento.com\/?p=384734","title":{"rendered":"Pasaportes trabajar\u00e1 los s\u00e1bados para hacer frente a la demanda"},"content":{"rendered":"\n<p>SANTO DOMINGO, Rep\u00fablica Dominicana.- La Direcci\u00f3n General de Pasaportes inform\u00f3 hoy, que adem\u00e1s de la extensi\u00f3n de horarios en su sede central, tambi\u00e9n ha ordenado trabajar los d\u00edas s\u00e1bados para acelerar la entrega del documento, ante la demanda de cientos de solicitantes que desde el 10 de abril abarrotan las oficinas de ese organismo.<\/p>\n\n\n\n<p>El departamento dijo en un documento que esta medida obedece a la demanda causada por un 35 % de ciudadanos interesados en viajar al exterior, el retraso de los suplidores y la espera de casi cuatro meses para poder dotar al ciudadano de su documento de viaje internacional.<\/p>\n\n\n\n<p>La directora de Pasaportes, Digna Reynoso, afirm\u00f3 que su oficina est\u00e1 respondiendo al retraso en la entrega del documento -de unos cuatro meses- lo que cre\u00f3 angustia y descontento en quienes buscaban el documento de viaje.<\/p>\n\n\n\n<p>\u00abNo solo estamos duplicando el tiempo para dar el servicio, tambi\u00e9n trabajamos en un mecanismo para reducir el tiempo de espera en la entrega, emple\u00e1ndonos en la realizaci\u00f3n de operativos especiales durante algunos s\u00e1bados y extensi\u00f3n del horario semanal hasta bajar la demanda en las pr\u00f3ximas semanas\u00bb, agreg\u00f3.<\/p>\n\n\n\n<p>La Direcci\u00f3n General de Pasaportes (DGP) puntualiz\u00f3 que, para la emisi\u00f3n y renovaci\u00f3n de la libreta, el horario es de 8.00 de la ma\u00f1ana a 3.00 de la tarde, mientras que la entrega del documento se produce de 8.00 de la ma\u00f1ana a 9.00 de la noche.<\/p>\n\n\n\n<p>Los casos de emergencia son atendidos sin cita, siempre y cuando el ciudadano aporte evidencias de que se trata de una eventualidad.<\/p>\n\n\n\n<p>En la actualidad la instituci\u00f3n est\u00e1 inmersa en un proceso de licitaci\u00f3n para la adquisici\u00f3n de un 1,050,000 libretas.<\/p>\n\n\n\n<p>La decisi\u00f3n de ampliar el horario y la informaci\u00f3n de que hab\u00edan llegado m\u00e1s de 400,000 libretas aceler\u00f3 la cantidad de personas que desesperadamente asistieron para solicitar el documento, agreg\u00f3 Pasaportes.<\/p>\n\n\n\n<p class=\"has-text-align-right\"><em>EFE<\/em><\/p>\n","protected":false},"excerpt":{"rendered":"<p>SANTO DOMINGO, Rep\u00fablica Dominicana.- La Direcci\u00f3n General de Pasaportes inform\u00f3 hoy, que adem\u00e1s de la extensi\u00f3n de horarios en su sede central, tambi\u00e9n ha ordenado trabajar los d\u00edas s\u00e1bados para acelerar la entrega del documento, ante la demanda de cientos de solicitantes que desde el 10 de abril abarrotan las oficinas de ese organismo. El [&hellip;]<\/p>\n","protected":false},"author":1,"featured_media":384735,"comment_status":"open","ping_status":"open","sticky":false,"template":"","format":"standard","meta":{"_bbp_topic_count":0,"_bbp_reply_count":0,"_bbp_total_topic_count":0,"_bbp_total_reply_count":0,"_bbp_voice_count":0,"_bbp_anonymous_reply_count":0,"_bbp_topic_count_hidden":0,"_bbp_reply_count_hidden":0,"_bbp_forum_subforum_count":0,"footnotes":""},"categories":[30,109],"tags":[],"class_list":{"0":"post-384734","1":"post","2":"type-post","3":"status-publish","4":"format-standard","5":"has-post-thumbnail","7":"category-actualidad","8":"category-eleccion"},"_links":{"self":[{"href":"https:\/\/primermomento.com\/index.php?rest_route=\/wp\/v2\/posts\/384734","targetHints":{"allow":["GET"]}}],"collection":[{"href":"https:\/\/primermomento.com\/index.php?rest_route=\/wp\/v2\/posts"}],"about":[{"href":"https:\/\/primermomento.com\/index.php?rest_route=\/wp\/v2\/types\/post"}],"author":[{"embeddable":true,"href":"https:\/\/primermomento.com\/index.php?rest_route=\/wp\/v2\/users\/1"}],"replies":[{"embeddable":true,"href":"https:\/\/primermomento.com\/index.php?rest_route=%2Fwp%2Fv2%2Fcomments&post=384734"}],"version-history":[{"count":1,"href":"https:\/\/primermomento.com\/index.php?rest_route=\/wp\/v2\/posts\/384734\/revisions"}],"predecessor-version":[{"id":384736,"href":"https:\/\/primermomento.com\/index.php?rest_route=\/wp\/v2\/posts\/384734\/revisions\/384736"}],"wp:featuredmedia":[{"embeddable":true,"href":"https:\/\/primermomento.com\/index.php?rest_route=\/wp\/v2\/media\/384735"}],"wp:attachment":[{"href":"https:\/\/primermomento.com\/index.php?rest_route=%2Fwp%2Fv2%2Fmedia&parent=384734"}],"wp:term":[{"taxonomy":"category","embeddable":true,"href":"https:\/\/primermomento.com\/index.php?rest_route=%2Fwp%2Fv2%2Fcategories&post=384734"},{"taxonomy":"post_tag","embeddable":true,"href":"https:\/\/primermomento.com\/index.php?rest_route=%2Fwp%2Fv2%2Ftags&post=384734"}],"curies":[{"name":"wp","href":"https:\/\/api.w.org\/{rel}","templated":true}]}}