{"id":384748,"date":"2023-04-16T09:59:01","date_gmt":"2023-04-16T13:59:01","guid":{"rendered":"https:\/\/primermomento.com\/?p=384748"},"modified":"2023-04-16T09:59:02","modified_gmt":"2023-04-16T13:59:02","slug":"selena-dos-aniversarios-cercanos-y-una-corta-vida","status":"publish","type":"post","link":"https:\/\/primermomento.com\/?p=384748","title":{"rendered":"Selena, dos aniversarios cercanos y una corta vida"},"content":{"rendered":"\n<p class=\"wp-block-paragraph\">LOS \u00c1NGELES, EEUU.- A la llamada Reina del Tex-Mex, Selena Quintanilla, asesinada por la presidenta de su club de fans y gerente de las boutiques de la estrella, Yolanda Sald\u00edvar, se le recuerda hoy por el aniversario de su natalicio.<\/p>\n\n\n\n<p class=\"wp-block-paragraph\">Desde hace 28 a\u00f1os, la artista no est\u00e1 junto a su p\u00fablico ni lo estar\u00e1, porque 16 d\u00edas antes de cumplir 24 abriles fue alcanzada premeditadamente por el arma de Sald\u00edvar, que apag\u00f3 su luz vital. Era el 31 de marzo de 1995.<\/p>\n\n\n\n<p class=\"wp-block-paragraph\">Hasta entonces, Selena contribuy\u00f3 no s\u00f3lo a la m\u00fasica, sino tambi\u00e9n a la moda convirti\u00e9ndose en una de las artistas m\u00e1s c\u00e9lebres de finales del siglo XX.<\/p>\n\n\n\n<p class=\"wp-block-paragraph\">En 2020, la revista Billboard la coloc\u00f3 en el tercer lugar de su lista de \u00abMejores artistas latinos de todos los tiempos\u00bb, basada en los \u00e1lbumes y canciones latinas.<\/p>\n\n\n\n<p class=\"wp-block-paragraph\">Otros medios de comunicaci\u00f3n la llamaron la \u00abMadonna tejana\u00bb por su selecci\u00f3n de vestuario y se convirti\u00f3 en una de las figuras latinas m\u00e1s influyentes de todos los tiempos, a quien se le atribuye catapultar el g\u00e9nero tejano al mercado.<\/p>\n\n\n\n<p class=\"wp-block-paragraph\">Selena debut\u00f3 en la escena musical como integrante de una banda junto con su familia, pero a menudo era criticada por interpretar m\u00fasica tejana -g\u00e9nero dominado por hombres- por lo que le negaban contrataciones. Sin embargo, su popularidad creci\u00f3 despu\u00e9s de ganar un premio en ese tipo de ritmo como la Vocalista Femenina del A\u00f1o en 1987, lauro ganado nueve veces consecutivas.<\/p>\n\n\n\n<p class=\"wp-block-paragraph\">La artista firm\u00f3 con EMI Latin en 1989 y lanz\u00f3 su \u00e1lbum debut hom\u00f3nimo el mismo a\u00f1o, mientras, mientras su hermano se convirti\u00f3 en su principal productor musical y compositor.<\/p>\n\n\n\n<p class=\"wp-block-paragraph\">Se estrenaron seriados y filmes tambi\u00e9n en su homenaje, como Selena, de 1997, por la Warner Bros., protagonizada por Jennifer L\u00f3pez, y en 2020 Netflix lanz\u00f3 una serie sobre su vida y carrera.<\/p>\n\n\n\n<p class=\"has-text-align-right wp-block-paragraph\"><em>PL<\/em><\/p>\n","protected":false},"excerpt":{"rendered":"<p>LOS \u00c1NGELES, EEUU.- A la llamada Reina del Tex-Mex, Selena Quintanilla, asesinada por la presidenta de su club de fans y gerente de las boutiques de la estrella, Yolanda Sald\u00edvar, se le recuerda hoy por el aniversario de su natalicio. Desde hace 28 a\u00f1os, la artista no est\u00e1 junto a su p\u00fablico ni lo estar\u00e1, [&hellip;]<\/p>\n","protected":false},"author":1,"featured_media":384749,"comment_status":"open","ping_status":"open","sticky":false,"template":"","format":"standard","meta":{"_bbp_topic_count":0,"_bbp_reply_count":0,"_bbp_total_topic_count":0,"_bbp_total_reply_count":0,"_bbp_voice_count":0,"_bbp_anonymous_reply_count":0,"_bbp_topic_count_hidden":0,"_bbp_reply_count_hidden":0,"_bbp_forum_subforum_count":0,"footnotes":""},"categories":[39],"tags":[],"class_list":["post-384748","post","type-post","status-publish","format-standard","has-post-thumbnail","category-entretenimiento"],"_links":{"self":[{"href":"https:\/\/primermomento.com\/index.php?rest_route=\/wp\/v2\/posts\/384748","targetHints":{"allow":["GET"]}}],"collection":[{"href":"https:\/\/primermomento.com\/index.php?rest_route=\/wp\/v2\/posts"}],"about":[{"href":"https:\/\/primermomento.com\/index.php?rest_route=\/wp\/v2\/types\/post"}],"author":[{"embeddable":true,"href":"https:\/\/primermomento.com\/index.php?rest_route=\/wp\/v2\/users\/1"}],"replies":[{"embeddable":true,"href":"https:\/\/primermomento.com\/index.php?rest_route=%2Fwp%2Fv2%2Fcomments&post=384748"}],"version-history":[{"count":1,"href":"https:\/\/primermomento.com\/index.php?rest_route=\/wp\/v2\/posts\/384748\/revisions"}],"predecessor-version":[{"id":384750,"href":"https:\/\/primermomento.com\/index.php?rest_route=\/wp\/v2\/posts\/384748\/revisions\/384750"}],"wp:featuredmedia":[{"embeddable":true,"href":"https:\/\/primermomento.com\/index.php?rest_route=\/wp\/v2\/media\/384749"}],"wp:attachment":[{"href":"https:\/\/primermomento.com\/index.php?rest_route=%2Fwp%2Fv2%2Fmedia&parent=384748"}],"wp:term":[{"taxonomy":"category","embeddable":true,"href":"https:\/\/primermomento.com\/index.php?rest_route=%2Fwp%2Fv2%2Fcategories&post=384748"},{"taxonomy":"post_tag","embeddable":true,"href":"https:\/\/primermomento.com\/index.php?rest_route=%2Fwp%2Fv2%2Ftags&post=384748"}],"curies":[{"name":"wp","href":"https:\/\/api.w.org\/{rel}","templated":true}]}}