{"id":384757,"date":"2023-04-16T10:05:32","date_gmt":"2023-04-16T14:05:32","guid":{"rendered":"https:\/\/primermomento.com\/?p=384757"},"modified":"2023-04-16T19:21:36","modified_gmt":"2023-04-16T23:21:36","slug":"casi-160-tiroteos-masivos-en-eeuu-en-lo-que-va-de-ano","status":"publish","type":"post","link":"https:\/\/primermomento.com\/?p=384757","title":{"rendered":"Casi 160 tiroteos masivos en EEUU en lo que va de a\u00f1o"},"content":{"rendered":"\n<p>WASHINGTON, EEUU.- Las cifras de la violencia armada parecen hoy indetenibles en Estados Unidos, donde en apenas tres meses y medio desde que comenz\u00f3 el a\u00f1o ocurrieron casi 160 tiroteos masivos.<\/p>\n\n\n\n<p>De acuerdo con el Gun Violence Archive (Archivo de la Violencia Armada) hasta el 15 de abril se registraron 157 de estos incidentes, entre los \u00faltimos aparecen el ocurrido la noche del viernes en Kansas City (Misuri) que dej\u00f3 un hombre muerto y otras cuatro personas heridas, de ellas una ni\u00f1a menor de cinco a\u00f1os.<\/p>\n\n\n\n<p>El pasado 10 de abril un joven de 23 a\u00f1os, identificado como Connor Sturgeon, abri\u00f3 fuego en un banco de Kentucky causando cuatro v\u00edctimas fatales.<\/p>\n\n\n\n<p>Una vez m\u00e1s nuestra naci\u00f3n est\u00e1 de luto tras un acto de violencia armada sin sentido, expres\u00f3 el presidente estadounidense, Joe Biden, al lamentar el suceso tr\u00e1gico acontecido en un banco del centro de la ciudad Louisville.<\/p>\n\n\n\n<p>El hecho tuvo lugar unos d\u00edas despu\u00e9s de otra matanza, pero con escenario en una escuela primaria cristiana de Nashville, Tennessee, donde tambi\u00e9n un tirador joven ocasion\u00f3 la muerte a seis personas, de ellas tres ni\u00f1os de nueve a\u00f1os.<\/p>\n\n\n\n<p>\u00bfCu\u00e1ntos m\u00e1s deben morir para que los republicanos del Congreso act\u00faen para proteger a nuestras comunidades?, pregunt\u00f3 Biden, seg\u00fan rese\u00f1\u00f3 un comunicado.<\/p>\n\n\n\n<p>Es inconcebible, es imprudente, y demasiados estadounidenses lo est\u00e1n pagando con sus vidas, admiti\u00f3 el gobernante dem\u00f3crata.<\/p>\n\n\n\n<p>Una encuesta de Kaiser Family Foundation (KFF) revel\u00f3 que la preocupaci\u00f3n y el miedo por la violencia armada son generalizados en Estados Unidos, pues la mayor\u00eda de las familias fueron afectadas por un incidente relacionado con esos artefactos.<\/p>\n\n\n\n<p>Las estad\u00edsticas muestran que uno de cada cinco adultos ha tenido un allegado muerto por un arma, incluso en homicidio y suicidio, report\u00f3 la cadena CNN al advertir que estas tendencias letales son parte de una epidemia de violencia que vive el pa\u00eds.<\/p>\n\n\n\n<p>Casi 49 mil personas fallecieron aqu\u00ed en conexi\u00f3n con armas de fuego en 2021, indicaron los Centros para el Control y la Prevenci\u00f3n de Enfermedades.<\/p>\n\n\n\n<p>Los n\u00fameros representan un aumento sin precedentes de alrededor del 23 por ciento, en especial durante 24 meses de la pandemia de la Covid-19.<\/p>\n\n\n\n<p class=\"has-text-align-right\"><em>PL<\/em><\/p>\n","protected":false},"excerpt":{"rendered":"<p>WASHINGTON, EEUU.- Las cifras de la violencia armada parecen hoy indetenibles en Estados Unidos, donde en apenas tres meses y medio desde que comenz\u00f3 el a\u00f1o ocurrieron casi 160 tiroteos masivos. De acuerdo con el Gun Violence Archive (Archivo de la Violencia Armada) hasta el 15 de abril se registraron 157 de estos incidentes, entre [&hellip;]<\/p>\n","protected":false},"author":1,"featured_media":384758,"comment_status":"open","ping_status":"open","sticky":false,"template":"","format":"standard","meta":{"_bbp_topic_count":0,"_bbp_reply_count":0,"_bbp_total_topic_count":0,"_bbp_total_reply_count":0,"_bbp_voice_count":0,"_bbp_anonymous_reply_count":0,"_bbp_topic_count_hidden":0,"_bbp_reply_count_hidden":0,"_bbp_forum_subforum_count":0,"footnotes":""},"categories":[61],"tags":[],"class_list":{"0":"post-384757","1":"post","2":"type-post","3":"status-publish","4":"format-standard","5":"has-post-thumbnail","7":"category-mundo"},"_links":{"self":[{"href":"https:\/\/primermomento.com\/index.php?rest_route=\/wp\/v2\/posts\/384757","targetHints":{"allow":["GET"]}}],"collection":[{"href":"https:\/\/primermomento.com\/index.php?rest_route=\/wp\/v2\/posts"}],"about":[{"href":"https:\/\/primermomento.com\/index.php?rest_route=\/wp\/v2\/types\/post"}],"author":[{"embeddable":true,"href":"https:\/\/primermomento.com\/index.php?rest_route=\/wp\/v2\/users\/1"}],"replies":[{"embeddable":true,"href":"https:\/\/primermomento.com\/index.php?rest_route=%2Fwp%2Fv2%2Fcomments&post=384757"}],"version-history":[{"count":1,"href":"https:\/\/primermomento.com\/index.php?rest_route=\/wp\/v2\/posts\/384757\/revisions"}],"predecessor-version":[{"id":384759,"href":"https:\/\/primermomento.com\/index.php?rest_route=\/wp\/v2\/posts\/384757\/revisions\/384759"}],"wp:featuredmedia":[{"embeddable":true,"href":"https:\/\/primermomento.com\/index.php?rest_route=\/wp\/v2\/media\/384758"}],"wp:attachment":[{"href":"https:\/\/primermomento.com\/index.php?rest_route=%2Fwp%2Fv2%2Fmedia&parent=384757"}],"wp:term":[{"taxonomy":"category","embeddable":true,"href":"https:\/\/primermomento.com\/index.php?rest_route=%2Fwp%2Fv2%2Fcategories&post=384757"},{"taxonomy":"post_tag","embeddable":true,"href":"https:\/\/primermomento.com\/index.php?rest_route=%2Fwp%2Fv2%2Ftags&post=384757"}],"curies":[{"name":"wp","href":"https:\/\/api.w.org\/{rel}","templated":true}]}}