{"id":384760,"date":"2023-04-16T09:06:00","date_gmt":"2023-04-16T13:06:00","guid":{"rendered":"https:\/\/primermomento.com\/?p=384760"},"modified":"2023-04-16T10:09:14","modified_gmt":"2023-04-16T14:09:14","slug":"petro-viajara-a-eeuu-lo-recibira-biden","status":"publish","type":"post","link":"https:\/\/primermomento.com\/?p=384760","title":{"rendered":"Petro viajar\u00e1 a EEUU, lo recibir\u00e1 Biden"},"content":{"rendered":"\n<p>WASHINGTON, EEUU.- El presidente de Estados Unidos, Joe Biden, recibir\u00e1 en la Casa Blanca el d\u00eda 20 a su hom\u00f3logo de Colombia, Gustavo Petro, seg\u00fan un comunicado oficial reproducido hoy en medios digitales.<\/p>\n\n\n\n<p>Ambos mandatarios \u201cdiscutir\u00e1n c\u00f3mo Estados Unidos y Colombia pueden continuar profundizando nuestra s\u00f3lida relaci\u00f3n bilateral al avanzar en \u00e1reas de inter\u00e9s nacional mutuo, incluida la promoci\u00f3n de una mayor cooperaci\u00f3n econ\u00f3mica y de seguridad\u201d, se\u00f1al\u00f3 en la nota la secretaria de prensa de la Casa Blanca, Karine Jean-Pierre.<\/p>\n\n\n\n<p>La portavoz a\u00f1adi\u00f3 que tambi\u00e9n analizar\u00e1n los esfuerzos para combatir de forma conjunta el cambio clim\u00e1tico, contrarrestar el narcotr\u00e1fico, as\u00ed como el desaf\u00edo migratorio regional y otros temas de inter\u00e9s com\u00fan.<\/p>\n\n\n\n<p>En su cuenta de Twitter, Petro agradeci\u00f3 la invitaci\u00f3n de Biden en \u201cun momento clave para reforzar la relaci\u00f3n y cooperaci\u00f3n mutua entre ambos pa\u00edses, no solo en la lucha contra el narcotr\u00e1fico sino en la protecci\u00f3n de la Amazonia, el cambio clim\u00e1tico y el desarrollo rural\u201d, subray\u00f3.<\/p>\n\n\n\n<p>Estados Unidos es el mayor socio comercial y de inversiones de Colombia, con importantes inversiones en las ramas minera y de manufactura.<\/p>\n\n\n\n<p>En la naci\u00f3n sudamericana existen ocho bases militares del Pent\u00e1gono que en gobiernos anteriores en la Casa de Nari\u00f1o hab\u00edan operado con absoluta impunidad como parte de la agresi\u00f3n sistem\u00e1tica y constante contra Venezuela.<\/p>\n\n\n\n<p class=\"has-text-align-right\"><em>PL<\/em><\/p>\n","protected":false},"excerpt":{"rendered":"<p>WASHINGTON, EEUU.- El presidente de Estados Unidos, Joe Biden, recibir\u00e1 en la Casa Blanca el d\u00eda 20 a su hom\u00f3logo de Colombia, Gustavo Petro, seg\u00fan un comunicado oficial reproducido hoy en medios digitales. Ambos mandatarios \u201cdiscutir\u00e1n c\u00f3mo Estados Unidos y Colombia pueden continuar profundizando nuestra s\u00f3lida relaci\u00f3n bilateral al avanzar en \u00e1reas de inter\u00e9s nacional [&hellip;]<\/p>\n","protected":false},"author":1,"featured_media":384761,"comment_status":"open","ping_status":"open","sticky":false,"template":"","format":"standard","meta":{"_bbp_topic_count":0,"_bbp_reply_count":0,"_bbp_total_topic_count":0,"_bbp_total_reply_count":0,"_bbp_voice_count":0,"_bbp_anonymous_reply_count":0,"_bbp_topic_count_hidden":0,"_bbp_reply_count_hidden":0,"_bbp_forum_subforum_count":0,"footnotes":""},"categories":[61],"tags":[],"class_list":{"0":"post-384760","1":"post","2":"type-post","3":"status-publish","4":"format-standard","5":"has-post-thumbnail","7":"category-mundo"},"_links":{"self":[{"href":"https:\/\/primermomento.com\/index.php?rest_route=\/wp\/v2\/posts\/384760","targetHints":{"allow":["GET"]}}],"collection":[{"href":"https:\/\/primermomento.com\/index.php?rest_route=\/wp\/v2\/posts"}],"about":[{"href":"https:\/\/primermomento.com\/index.php?rest_route=\/wp\/v2\/types\/post"}],"author":[{"embeddable":true,"href":"https:\/\/primermomento.com\/index.php?rest_route=\/wp\/v2\/users\/1"}],"replies":[{"embeddable":true,"href":"https:\/\/primermomento.com\/index.php?rest_route=%2Fwp%2Fv2%2Fcomments&post=384760"}],"version-history":[{"count":1,"href":"https:\/\/primermomento.com\/index.php?rest_route=\/wp\/v2\/posts\/384760\/revisions"}],"predecessor-version":[{"id":384762,"href":"https:\/\/primermomento.com\/index.php?rest_route=\/wp\/v2\/posts\/384760\/revisions\/384762"}],"wp:featuredmedia":[{"embeddable":true,"href":"https:\/\/primermomento.com\/index.php?rest_route=\/wp\/v2\/media\/384761"}],"wp:attachment":[{"href":"https:\/\/primermomento.com\/index.php?rest_route=%2Fwp%2Fv2%2Fmedia&parent=384760"}],"wp:term":[{"taxonomy":"category","embeddable":true,"href":"https:\/\/primermomento.com\/index.php?rest_route=%2Fwp%2Fv2%2Fcategories&post=384760"},{"taxonomy":"post_tag","embeddable":true,"href":"https:\/\/primermomento.com\/index.php?rest_route=%2Fwp%2Fv2%2Ftags&post=384760"}],"curies":[{"name":"wp","href":"https:\/\/api.w.org\/{rel}","templated":true}]}}