{"id":384862,"date":"2023-04-17T09:41:00","date_gmt":"2023-04-17T13:41:00","guid":{"rendered":"https:\/\/primermomento.com\/?p=384862"},"modified":"2023-04-17T17:11:03","modified_gmt":"2023-04-17T21:11:03","slug":"bad-bunny-y-grupo-frontera-lanzan-romantica-cumbia","status":"publish","type":"post","link":"https:\/\/primermomento.com\/?p=384862","title":{"rendered":"Bad Bunny y Grupo Frontera lanzan rom\u00e1ntica cumbia"},"content":{"rendered":"\n<p class=\"wp-block-paragraph\">LOS \u00c1NGELES, EEUU.- El cantante boricua Bad Bunny y la banda de regional mexicano Grupo Frontera lanzaron oficialmente hoy una cumbia rom\u00e1ntica llamada \u201cun x100to\u201d, en la primera colaboraci\u00f3n entre ambos artistas.<\/p>\n\n\n\n<p class=\"wp-block-paragraph\">Producida y compuesta por el creador de \u00e9xitos Edgar Barrer, la rom\u00e1ntica cumbia-norte\u00f1a narra la historia de una persona que extra\u00f1a a su ex y que hizo una llamada telef\u00f3nica importante con un uno por ciento de bater\u00eda en su celular.<\/p>\n\n\n\n<p class=\"wp-block-paragraph\">Bad Bunny, cuyo nombre real es Benito Antonio Mart\u00ednez, hab\u00eda compartido un adelanto hace unas horas en su cuenta de TikTok junto a un video en el que aparec\u00eda cantando la nost\u00e1lgica letra, seg\u00fan report\u00f3 Billboard en espa\u00f1ol.<\/p>\n\n\n\n<p class=\"wp-block-paragraph\">Esta nueva colaboraci\u00f3n con Grupo Frontera es la segunda de su carrera con un artista de este g\u00e9nero, pues antes trabaj\u00f3 con Natanael Cano en un remix del corrido \u201cSoy el Diablo\u201d.<\/p>\n\n\n\n<p class=\"wp-block-paragraph\">El estilo de m\u00fasica de Bad Bunny es generalmente definido como trap latino y reguet\u00f3n, ambiente en qu\u00e9 se desdobla como cantante, compositor y productor.\u200b\u200b<\/p>\n\n\n\n<p class=\"has-text-align-right wp-block-paragraph\"><em>PL<\/em><\/p>\n","protected":false},"excerpt":{"rendered":"<p>LOS \u00c1NGELES, EEUU.- El cantante boricua Bad Bunny y la banda de regional mexicano Grupo Frontera lanzaron oficialmente hoy una cumbia rom\u00e1ntica llamada \u201cun x100to\u201d, en la primera colaboraci\u00f3n entre ambos artistas. Producida y compuesta por el creador de \u00e9xitos Edgar Barrer, la rom\u00e1ntica cumbia-norte\u00f1a narra la historia de una persona que extra\u00f1a a su [&hellip;]<\/p>\n","protected":false},"author":1,"featured_media":384863,"comment_status":"open","ping_status":"open","sticky":false,"template":"","format":"standard","meta":{"_bbp_topic_count":0,"_bbp_reply_count":0,"_bbp_total_topic_count":0,"_bbp_total_reply_count":0,"_bbp_voice_count":0,"_bbp_anonymous_reply_count":0,"_bbp_topic_count_hidden":0,"_bbp_reply_count_hidden":0,"_bbp_forum_subforum_count":0,"footnotes":""},"categories":[39],"tags":[],"class_list":["post-384862","post","type-post","status-publish","format-standard","has-post-thumbnail","category-entretenimiento"],"_links":{"self":[{"href":"https:\/\/primermomento.com\/index.php?rest_route=\/wp\/v2\/posts\/384862","targetHints":{"allow":["GET"]}}],"collection":[{"href":"https:\/\/primermomento.com\/index.php?rest_route=\/wp\/v2\/posts"}],"about":[{"href":"https:\/\/primermomento.com\/index.php?rest_route=\/wp\/v2\/types\/post"}],"author":[{"embeddable":true,"href":"https:\/\/primermomento.com\/index.php?rest_route=\/wp\/v2\/users\/1"}],"replies":[{"embeddable":true,"href":"https:\/\/primermomento.com\/index.php?rest_route=%2Fwp%2Fv2%2Fcomments&post=384862"}],"version-history":[{"count":1,"href":"https:\/\/primermomento.com\/index.php?rest_route=\/wp\/v2\/posts\/384862\/revisions"}],"predecessor-version":[{"id":384864,"href":"https:\/\/primermomento.com\/index.php?rest_route=\/wp\/v2\/posts\/384862\/revisions\/384864"}],"wp:featuredmedia":[{"embeddable":true,"href":"https:\/\/primermomento.com\/index.php?rest_route=\/wp\/v2\/media\/384863"}],"wp:attachment":[{"href":"https:\/\/primermomento.com\/index.php?rest_route=%2Fwp%2Fv2%2Fmedia&parent=384862"}],"wp:term":[{"taxonomy":"category","embeddable":true,"href":"https:\/\/primermomento.com\/index.php?rest_route=%2Fwp%2Fv2%2Fcategories&post=384862"},{"taxonomy":"post_tag","embeddable":true,"href":"https:\/\/primermomento.com\/index.php?rest_route=%2Fwp%2Fv2%2Ftags&post=384862"}],"curies":[{"name":"wp","href":"https:\/\/api.w.org\/{rel}","templated":true}]}}