{"id":384871,"date":"2023-04-17T10:18:00","date_gmt":"2023-04-17T14:18:00","guid":{"rendered":"https:\/\/primermomento.com\/?p=384871"},"modified":"2023-04-17T17:19:56","modified_gmt":"2023-04-17T21:19:56","slug":"juez-de-eeuu-niega-aplazamiento-de-juicio-contra-trump-por-violacion","status":"publish","type":"post","link":"https:\/\/primermomento.com\/?p=384871","title":{"rendered":"Juez de EEUU niega aplazamiento de juicio contra Trump por violaci\u00f3n"},"content":{"rendered":"\n<p>NUEVA YORK, EEUU.- Un juez federal rechaz\u00f3 hoy la solicitud realizada por el expresidente de Estados Unidos Donald Trump (2017-2021) de retrasar cuatro semanas el juicio civil en su contra por violaci\u00f3n sexual y difamaci\u00f3n.<\/p>\n\n\n\n<p>El abogado del magnate, Joe Tacopina, pidi\u00f3 la semana pasada en una carta al juez federal de distrito Lewis Kaplan que pospusiera hasta fines de mayo la audiencia por la demanda presentada por la escritora E. Jean Carroll, programado para comenzar el venidero 25 de abril.<\/p>\n\n\n\n<p>Argument\u00f3 el defensor que a su cliente se le deber\u00eda permitir un per\u00edodo de \u201cenfriamiento\u201d despu\u00e9s de su reciente acusaci\u00f3n por parte de un gran jurado de Manhattan en un caso relacionado con pagos de dinero secreto realizados durante su campa\u00f1a presidencial de 2016, que provoc\u00f3 una oleada de cobertura medi\u00e1tica.<\/p>\n\n\n\n<p>En una opini\u00f3n de 10 p\u00e1ginas donde niega la solicitud de Trump, Kaplan escribi\u00f3 que \u201cno hay justificaci\u00f3n para un aplazamiento\u201d.<\/p>\n\n\n\n<p>\u201cEste caso no tiene nada que ver con la acusaci\u00f3n estatal. La sugerencia de que la reciente cobertura medi\u00e1tica de la acusaci\u00f3n de Nueva York \u2014cobertura significativamente provocada por las propias acciones del se\u00f1or Trump\u2014 impedir\u00eda la selecci\u00f3n de un jurado justo e imparcial el 25 de abril es pura especulaci\u00f3n,\u201d escribi\u00f3 el juez.<\/p>\n\n\n\n<p>Tambi\u00e9n desestim\u00f3 que la demora de un mes en el inicio del juicio \u201cenfr\u00ede\u201d cualquier cosa, incluso en caso de que algo necesitara \u201cenfriarse\u201d.<\/p>\n\n\n\n<p>\u201cEs muy importante recordar que los aplazamientos en circunstancias como esta no son necesariamente bendiciones absolutas desde el punto de vista de un acusado que espera que se disipe lo que considera, o dice que considera, publicidad negativa\u201d, estim\u00f3.<\/p>\n\n\n\n<p>El juicio a celebrarse el pr\u00f3ximo 25 de abril versa sobre una demanda interpuesta por la autora Carrol, quien alega que Trump la viol\u00f3 en una tienda por departamentos de Manhattan a mediados de la d\u00e9cada de 1990, lo que el exgobernante ha negado repetidamente.<\/p>\n\n\n\n<p>Adem\u00e1s de los cargos por violaci\u00f3n y difamaci\u00f3n, pesan adem\u00e1s sobre el empresario las imputaciones criminales por falsificaci\u00f3n de registros comerciales durante su campa\u00f1a electoral, y otro caso civil por supuestas declaraciones comerciales fraudulentas que tambi\u00e9n involucra a tres de los hijos del magnate.<\/p>\n\n\n\n<p class=\"has-text-align-right\"><em>PL<\/em><\/p>\n","protected":false},"excerpt":{"rendered":"<p>NUEVA YORK, EEUU.- Un juez federal rechaz\u00f3 hoy la solicitud realizada por el expresidente de Estados Unidos Donald Trump (2017-2021) de retrasar cuatro semanas el juicio civil en su contra por violaci\u00f3n sexual y difamaci\u00f3n. El abogado del magnate, Joe Tacopina, pidi\u00f3 la semana pasada en una carta al juez federal de distrito Lewis Kaplan [&hellip;]<\/p>\n","protected":false},"author":1,"featured_media":384872,"comment_status":"open","ping_status":"open","sticky":false,"template":"","format":"standard","meta":{"_bbp_topic_count":0,"_bbp_reply_count":0,"_bbp_total_topic_count":0,"_bbp_total_reply_count":0,"_bbp_voice_count":0,"_bbp_anonymous_reply_count":0,"_bbp_topic_count_hidden":0,"_bbp_reply_count_hidden":0,"_bbp_forum_subforum_count":0,"footnotes":""},"categories":[61],"tags":[],"class_list":{"0":"post-384871","1":"post","2":"type-post","3":"status-publish","4":"format-standard","5":"has-post-thumbnail","7":"category-mundo"},"_links":{"self":[{"href":"https:\/\/primermomento.com\/index.php?rest_route=\/wp\/v2\/posts\/384871","targetHints":{"allow":["GET"]}}],"collection":[{"href":"https:\/\/primermomento.com\/index.php?rest_route=\/wp\/v2\/posts"}],"about":[{"href":"https:\/\/primermomento.com\/index.php?rest_route=\/wp\/v2\/types\/post"}],"author":[{"embeddable":true,"href":"https:\/\/primermomento.com\/index.php?rest_route=\/wp\/v2\/users\/1"}],"replies":[{"embeddable":true,"href":"https:\/\/primermomento.com\/index.php?rest_route=%2Fwp%2Fv2%2Fcomments&post=384871"}],"version-history":[{"count":1,"href":"https:\/\/primermomento.com\/index.php?rest_route=\/wp\/v2\/posts\/384871\/revisions"}],"predecessor-version":[{"id":384873,"href":"https:\/\/primermomento.com\/index.php?rest_route=\/wp\/v2\/posts\/384871\/revisions\/384873"}],"wp:featuredmedia":[{"embeddable":true,"href":"https:\/\/primermomento.com\/index.php?rest_route=\/wp\/v2\/media\/384872"}],"wp:attachment":[{"href":"https:\/\/primermomento.com\/index.php?rest_route=%2Fwp%2Fv2%2Fmedia&parent=384871"}],"wp:term":[{"taxonomy":"category","embeddable":true,"href":"https:\/\/primermomento.com\/index.php?rest_route=%2Fwp%2Fv2%2Fcategories&post=384871"},{"taxonomy":"post_tag","embeddable":true,"href":"https:\/\/primermomento.com\/index.php?rest_route=%2Fwp%2Fv2%2Ftags&post=384871"}],"curies":[{"name":"wp","href":"https:\/\/api.w.org\/{rel}","templated":true}]}}