{"id":384961,"date":"2023-04-18T09:08:00","date_gmt":"2023-04-18T13:08:00","guid":{"rendered":"https:\/\/primermomento.com\/?p=384961"},"modified":"2024-08-24T10:53:10","modified_gmt":"2024-08-24T14:53:10","slug":"madonna-cantara-en-mexico-en-2024","status":"publish","type":"post","link":"https:\/\/primermomento.com\/?p=384961","title":{"rendered":"Madonna cantar\u00e1 en M\u00e9xico en 2024"},"content":{"rendered":"\r\n<p class=\"wp-block-paragraph\">CIUDAD DE M\u00c9XICO, M\u00e9xico.- La afamada cantante estadounidense Madonna, conocida como la Reina del pop, ofrecer\u00e1 un concierto en M\u00e9xico el 25 de enero de 2024 como parte de su gira The Celebration Tour, noticia que hoy inunda redes sociales y medios.<\/p>\r\n\r\n\r\n\r\n<p class=\"wp-block-paragraph\">Al igual que la escala de su gira anterior en 2016, la presentaci\u00f3n de Madonna ser\u00e1 el Palacio de los Deportes, en la Ciudad de M\u00e9xico, hecho que mantiene emocionados a sus fans desde que la artista anunciara en sus redes: M\u00e9xico, all\u00e1 vamos.<\/p>\r\n\r\n\r\n\r\n<p class=\"wp-block-paragraph\">La int\u00e9rprete de Vogue en la arrancada de este a\u00f1o hizo p\u00fablica la noticia de que 2023 presenciar\u00eda su regreso a los escenarios con una gira mundial, que tal como su nombre lo indica, se trata de una celebraci\u00f3n por los 40 a\u00f1os de \u00e9xito musical.<\/p>\r\n\r\n\r\n\r\n<p class=\"wp-block-paragraph\">Hace ya cuatro d\u00e9cadas Madonna sacudi\u00f3 la industria desde su debut, y a partir de ah\u00ed se ha convertido en \u00edcono mundial con temas exitosos en las principales listas, conciertos memorables, y mucha pol\u00e9mica asociada a su trayectoria.<\/p>\r\n\r\n\r\n\r\n<p class=\"has-text-align-right wp-block-paragraph\"><em>PL<\/em><\/p>\r\n","protected":false},"excerpt":{"rendered":"<p>CIUDAD DE M\u00c9XICO, M\u00e9xico.- La afamada cantante estadounidense Madonna, conocida como la Reina del pop, ofrecer\u00e1 un concierto en M\u00e9xico el 25 de enero de 2024 como parte de su gira The Celebration Tour, noticia que hoy inunda redes sociales y medios. Al igual que la escala de su gira anterior en 2016, la presentaci\u00f3n [&hellip;]<\/p>\n","protected":false},"author":1,"featured_media":377050,"comment_status":"open","ping_status":"open","sticky":false,"template":"","format":"standard","meta":{"_bbp_topic_count":0,"_bbp_reply_count":0,"_bbp_total_topic_count":0,"_bbp_total_reply_count":0,"_bbp_voice_count":0,"_bbp_anonymous_reply_count":0,"_bbp_topic_count_hidden":0,"_bbp_reply_count_hidden":0,"_bbp_forum_subforum_count":0,"footnotes":""},"categories":[39],"tags":[],"class_list":["post-384961","post","type-post","status-publish","format-standard","has-post-thumbnail","category-entretenimiento"],"_links":{"self":[{"href":"https:\/\/primermomento.com\/index.php?rest_route=\/wp\/v2\/posts\/384961","targetHints":{"allow":["GET"]}}],"collection":[{"href":"https:\/\/primermomento.com\/index.php?rest_route=\/wp\/v2\/posts"}],"about":[{"href":"https:\/\/primermomento.com\/index.php?rest_route=\/wp\/v2\/types\/post"}],"author":[{"embeddable":true,"href":"https:\/\/primermomento.com\/index.php?rest_route=\/wp\/v2\/users\/1"}],"replies":[{"embeddable":true,"href":"https:\/\/primermomento.com\/index.php?rest_route=%2Fwp%2Fv2%2Fcomments&post=384961"}],"version-history":[{"count":1,"href":"https:\/\/primermomento.com\/index.php?rest_route=\/wp\/v2\/posts\/384961\/revisions"}],"predecessor-version":[{"id":384962,"href":"https:\/\/primermomento.com\/index.php?rest_route=\/wp\/v2\/posts\/384961\/revisions\/384962"}],"wp:featuredmedia":[{"embeddable":true,"href":"https:\/\/primermomento.com\/index.php?rest_route=\/wp\/v2\/media\/377050"}],"wp:attachment":[{"href":"https:\/\/primermomento.com\/index.php?rest_route=%2Fwp%2Fv2%2Fmedia&parent=384961"}],"wp:term":[{"taxonomy":"category","embeddable":true,"href":"https:\/\/primermomento.com\/index.php?rest_route=%2Fwp%2Fv2%2Fcategories&post=384961"},{"taxonomy":"post_tag","embeddable":true,"href":"https:\/\/primermomento.com\/index.php?rest_route=%2Fwp%2Fv2%2Ftags&post=384961"}],"curies":[{"name":"wp","href":"https:\/\/api.w.org\/{rel}","templated":true}]}}