{"id":385006,"date":"2023-04-18T09:34:00","date_gmt":"2023-04-18T13:34:00","guid":{"rendered":"https:\/\/primermomento.com\/?p=385006"},"modified":"2023-04-18T20:38:59","modified_gmt":"2023-04-19T00:38:59","slug":"negativa-a-imputar-a-agentes-que-mataron-a-joven-indigna-a-ohio-eeuu","status":"publish","type":"post","link":"https:\/\/primermomento.com\/?p=385006","title":{"rendered":"Negativa a imputar a agentes que mataron a joven indigna a Ohio, EEUU"},"content":{"rendered":"\n<p>OHIO, EEUU.- La decisi\u00f3n de un gran jurado que declin\u00f3 acusar a ocho polic\u00edas causantes de la muerte a tiros del afroestadounidense Jayland Walker llena hoy de consternaci\u00f3n a la comunidad de Akron, en Ohio.<\/p>\n\n\n\n<p>En medio de sucesivos incidentes de extrema violencia por parte de las fuerzas del orden en Estados Unidos, la no imputaci\u00f3n de los oficiales que el pasado a\u00f1o dispararon 94 veces a la v\u00edctima en cuyo cuerpo se hallaron 46 heridas de bala, llena de indignaci\u00f3n a los familiares del fallecido.<\/p>\n\n\n\n<p>Walker fue asesinado el 27 de junio de 2022, despu\u00e9s de desobedecer una orden de la polic\u00eda de Akron que le pidi\u00f3 detenerse.<\/p>\n\n\n\n<p>Los oficiales narraron luego que despu\u00e9s de una persecuci\u00f3n ocurrida primero en veh\u00edculos y luego a pie, el joven de 25 a\u00f1os dispar\u00f3 un arma desde su auto y que eso desat\u00f3 el tiroteo.<\/p>\n\n\n\n<p>El fiscal general de Ohio, Dave Yost, declar\u00f3 que Walker fue causante de al menos un tiro contra la polic\u00eda, pero estaba desarmado cuando los agentes lo persiguieron a pie y lo ejecutaron.<\/p>\n\n\n\n<p>Seg\u00fan a\u00f1adi\u00f3, los oficiales no sab\u00edan que hab\u00eda dejado el arma en su autom\u00f3vil, encontrada m\u00e1s tarde all\u00ed.<\/p>\n\n\n\n<p>Incluso antes de la decisi\u00f3n del gran jurado que tuvo lugar la v\u00edspera, los funcionarios de la ciudad de Akron tomaron medidas ante la ocurrencia de posibles disturbios, por lo cual cubrieron las ventanas del primer piso del ayuntamiento con madera y cercaron la oficina del alguacil del condado de Summit y el juzgado, aclar\u00f3 el diario The New York Times.<\/p>\n\n\n\n<p>Asimismo, las escuelas p\u00fablicas de la ciudad permanecen cerradas hoy, mientras los funcionarios de la ciudad instan a los residentes a protestar pac\u00edficamente en una \u201czona de manifestaci\u00f3n\u201d designada frente al juzgado del condado y el Departamento de Polic\u00eda de Akron.<\/p>\n\n\n\n<p>La decisi\u00f3n de no acusar a los agentes se produce en un momento de gran escrutinio sobre los asesinatos a manos de la polic\u00eda desde la muerte del afrodescendiente George Floyd, en 2020.<\/p>\n\n\n\n<p>Joanna Schwartz, profesora de la Escuela de leyes de la Universidad de California en Los Angeles, declar\u00f3 al rotativo que los oficiales rara vez son procesados, incluso cuando matan personas y a\u00fan cuando hay protestas significativas y cobertura p\u00fablica y cuestionamientos de estos casos.<\/p>\n\n\n\n<p>Bobby DiCello, abogado de la familia del fallecido, dijo que sus seres queridos planeaban presentar una demanda por homicidio culposo contra la ciudad y el Departamento de Polic\u00eda.<\/p>\n\n\n\n<p>\u201cEst\u00e1n angustiados, tristes, asqueados por lo que sucedi\u00f3\u201d, declar\u00f3.<\/p>\n\n\n\n<p class=\"has-text-align-right\"><em>PL<\/em><\/p>\n","protected":false},"excerpt":{"rendered":"<p>OHIO, EEUU.- La decisi\u00f3n de un gran jurado que declin\u00f3 acusar a ocho polic\u00edas causantes de la muerte a tiros del afroestadounidense Jayland Walker llena hoy de consternaci\u00f3n a la comunidad de Akron, en Ohio. En medio de sucesivos incidentes de extrema violencia por parte de las fuerzas del orden en Estados Unidos, la no [&hellip;]<\/p>\n","protected":false},"author":1,"featured_media":385007,"comment_status":"open","ping_status":"open","sticky":false,"template":"","format":"standard","meta":{"_bbp_topic_count":0,"_bbp_reply_count":0,"_bbp_total_topic_count":0,"_bbp_total_reply_count":0,"_bbp_voice_count":0,"_bbp_anonymous_reply_count":0,"_bbp_topic_count_hidden":0,"_bbp_reply_count_hidden":0,"_bbp_forum_subforum_count":0,"footnotes":""},"categories":[38],"tags":[],"class_list":{"0":"post-385006","1":"post","2":"type-post","3":"status-publish","4":"format-standard","5":"has-post-thumbnail","7":"category-sociedad"},"_links":{"self":[{"href":"https:\/\/primermomento.com\/index.php?rest_route=\/wp\/v2\/posts\/385006","targetHints":{"allow":["GET"]}}],"collection":[{"href":"https:\/\/primermomento.com\/index.php?rest_route=\/wp\/v2\/posts"}],"about":[{"href":"https:\/\/primermomento.com\/index.php?rest_route=\/wp\/v2\/types\/post"}],"author":[{"embeddable":true,"href":"https:\/\/primermomento.com\/index.php?rest_route=\/wp\/v2\/users\/1"}],"replies":[{"embeddable":true,"href":"https:\/\/primermomento.com\/index.php?rest_route=%2Fwp%2Fv2%2Fcomments&post=385006"}],"version-history":[{"count":1,"href":"https:\/\/primermomento.com\/index.php?rest_route=\/wp\/v2\/posts\/385006\/revisions"}],"predecessor-version":[{"id":385008,"href":"https:\/\/primermomento.com\/index.php?rest_route=\/wp\/v2\/posts\/385006\/revisions\/385008"}],"wp:featuredmedia":[{"embeddable":true,"href":"https:\/\/primermomento.com\/index.php?rest_route=\/wp\/v2\/media\/385007"}],"wp:attachment":[{"href":"https:\/\/primermomento.com\/index.php?rest_route=%2Fwp%2Fv2%2Fmedia&parent=385006"}],"wp:term":[{"taxonomy":"category","embeddable":true,"href":"https:\/\/primermomento.com\/index.php?rest_route=%2Fwp%2Fv2%2Fcategories&post=385006"},{"taxonomy":"post_tag","embeddable":true,"href":"https:\/\/primermomento.com\/index.php?rest_route=%2Fwp%2Fv2%2Ftags&post=385006"}],"curies":[{"name":"wp","href":"https:\/\/api.w.org\/{rel}","templated":true}]}}