{"id":385023,"date":"2023-04-19T07:23:00","date_gmt":"2023-04-19T11:23:00","guid":{"rendered":"https:\/\/primermomento.com\/?p=385023"},"modified":"2023-04-19T08:49:04","modified_gmt":"2023-04-19T12:49:04","slug":"expectativa-a-la-puerta-de-los-premios-de-musica-latina","status":"publish","type":"post","link":"https:\/\/primermomento.com\/?p=385023","title":{"rendered":"Expectativa a la puerta de los Premios de M\u00fasica Latina"},"content":{"rendered":"\n<p class=\"wp-block-paragraph\">LOS \u00c1NGELES, EEUU.- Los Premios de la M\u00fasica Latina 2023 est\u00e1n a pocas horas de lanzar la alfombra y abrir las puertas a su ceremonia de entrega que, todav\u00eda hoy, mantiene a la expectativa a un gran equipo de organizadores y artistas.<\/p>\n\n\n\n<p class=\"wp-block-paragraph\">Para la esperada gala del 20 de abril no deja de ser sorpresa, con dosis de ansiedad, la presentaci\u00f3n del puertorrique\u00f1o Bad Bunny, \u00abEl conejo malo\u00bb, quien arranca como el gran favorito.<\/p>\n\n\n\n<p class=\"wp-block-paragraph\">El int\u00e9rprete y compositor de 29 a\u00f1os de edad, devenido fil\u00e1ntropo, actor (y todo lo que \u00e9l se proponga si sigue este camino), encabeza la lista con 11 categor\u00edas distintas, las cuales incluyen Artista del A\u00f1o, Canci\u00f3n del a\u00f1o y \u00c1lbum del A\u00f1o, sin mencionar las ocho nominaciones restantes.<\/p>\n\n\n\n<p class=\"wp-block-paragraph\">Con esos antecedentes podr\u00eda decirse que el conejo, ni es tan malo, ni est\u00e1 lejos de ser el artista Revelaci\u00f3n del A\u00f1o, en caso de existir ese apartado.<\/p>\n\n\n\n<p class=\"wp-block-paragraph\">Al int\u00e9rprete le siguen los pasos sus coterr\u00e1neos Becky G y Daddy Yankee, quienes cuentan con nueve nominaciones cada uno y ambos tambi\u00e9n compiten por conseguir el galard\u00f3n Artista del A\u00f1o y \u00c1lbum del A\u00f1o.<\/p>\n\n\n\n<p class=\"wp-block-paragraph\">De mayor a menor, est\u00e1n los nominados en ocho apartados y aqu\u00ed sobresalen Karol G, Rauw Alejandro, Romeo Santos y Rosal\u00eda, entre otros.<\/p>\n\n\n\n<p class=\"wp-block-paragraph\">Mientras, Bizarrap, -el mismo que le hizo el juego a Shakira en el tema para Piqu\u00e9-, acompa\u00f1ado, entre otros, por el Grupo Frontera, Los Lara o Santa Fe Klan, como Mejor Artista Nuevo.<\/p>\n\n\n\n<p class=\"wp-block-paragraph\">En la gala de los Premios de la M\u00fasica Latina 2023 ser\u00e1n homenajeados los cantantes Carlos Vives y Pepe Aguilar, a quienes se les entregar\u00e1 un lauro especial por sus excelentes contribuciones y trayectorias art\u00edsticas.<\/p>\n\n\n\n<p class=\"has-text-align-right wp-block-paragraph\"><em>PL<\/em><\/p>\n","protected":false},"excerpt":{"rendered":"<p>LOS \u00c1NGELES, EEUU.- Los Premios de la M\u00fasica Latina 2023 est\u00e1n a pocas horas de lanzar la alfombra y abrir las puertas a su ceremonia de entrega que, todav\u00eda hoy, mantiene a la expectativa a un gran equipo de organizadores y artistas. Para la esperada gala del 20 de abril no deja de ser sorpresa, [&hellip;]<\/p>\n","protected":false},"author":1,"featured_media":385024,"comment_status":"open","ping_status":"open","sticky":false,"template":"","format":"standard","meta":{"_bbp_topic_count":0,"_bbp_reply_count":0,"_bbp_total_topic_count":0,"_bbp_total_reply_count":0,"_bbp_voice_count":0,"_bbp_anonymous_reply_count":0,"_bbp_topic_count_hidden":0,"_bbp_reply_count_hidden":0,"_bbp_forum_subforum_count":0,"footnotes":""},"categories":[39],"tags":[],"class_list":["post-385023","post","type-post","status-publish","format-standard","has-post-thumbnail","category-entretenimiento"],"_links":{"self":[{"href":"https:\/\/primermomento.com\/index.php?rest_route=\/wp\/v2\/posts\/385023","targetHints":{"allow":["GET"]}}],"collection":[{"href":"https:\/\/primermomento.com\/index.php?rest_route=\/wp\/v2\/posts"}],"about":[{"href":"https:\/\/primermomento.com\/index.php?rest_route=\/wp\/v2\/types\/post"}],"author":[{"embeddable":true,"href":"https:\/\/primermomento.com\/index.php?rest_route=\/wp\/v2\/users\/1"}],"replies":[{"embeddable":true,"href":"https:\/\/primermomento.com\/index.php?rest_route=%2Fwp%2Fv2%2Fcomments&post=385023"}],"version-history":[{"count":1,"href":"https:\/\/primermomento.com\/index.php?rest_route=\/wp\/v2\/posts\/385023\/revisions"}],"predecessor-version":[{"id":385025,"href":"https:\/\/primermomento.com\/index.php?rest_route=\/wp\/v2\/posts\/385023\/revisions\/385025"}],"wp:featuredmedia":[{"embeddable":true,"href":"https:\/\/primermomento.com\/index.php?rest_route=\/wp\/v2\/media\/385024"}],"wp:attachment":[{"href":"https:\/\/primermomento.com\/index.php?rest_route=%2Fwp%2Fv2%2Fmedia&parent=385023"}],"wp:term":[{"taxonomy":"category","embeddable":true,"href":"https:\/\/primermomento.com\/index.php?rest_route=%2Fwp%2Fv2%2Fcategories&post=385023"},{"taxonomy":"post_tag","embeddable":true,"href":"https:\/\/primermomento.com\/index.php?rest_route=%2Fwp%2Fv2%2Ftags&post=385023"}],"curies":[{"name":"wp","href":"https:\/\/api.w.org\/{rel}","templated":true}]}}