{"id":385041,"date":"2023-04-19T11:23:34","date_gmt":"2023-04-19T15:23:34","guid":{"rendered":"https:\/\/primermomento.com\/?p=385041"},"modified":"2023-04-19T19:28:49","modified_gmt":"2023-04-19T23:28:49","slug":"rescatadas-mas-de-185-victimas-de-trafico-de-personas","status":"publish","type":"post","link":"https:\/\/primermomento.com\/?p=385041","title":{"rendered":"Rescatadas m\u00e1s de 185 v\u00edctimas de tr\u00e1fico de personas"},"content":{"rendered":"\n<p>SANTO DOMINGO, Rep\u00fablica Dominicana.- M\u00e1s de 185 v\u00edctimas de tr\u00e1fico de personas fueron rescatadas en Rep\u00fablica Dominicana desde 2021 hasta la fecha, inform\u00f3 hoy la titular de la Procuradur\u00eda Especializada contra el Tr\u00e1fico Il\u00edcito de Migrantes y Trata de Personas, Yoanna Bejar\u00e1n.<\/p>\n\n\n\n<p>Bejar\u00e1n precis\u00f3 que la mayor\u00eda de los perjudicados son extranjeros, entre ellos colombianos, haitianos y venezolanos, aunque tambi\u00e9n hay nacionales.<\/p>\n\n\n\n<p>Al intervenir en el seminario internacional de investigaci\u00f3n contra tr\u00e1fico humano y el abordaje integral de las v\u00edctimas, la experta indic\u00f3 que el ministerio P\u00fablico logr\u00f3 17 condenas frente a m\u00e1s de 190 sometimientos a la justicia desde 2021 hasta el primer trimestre del actual a\u00f1o.<\/p>\n\n\n\n<p>A preguntas de los participantes sobre los motivos de la poca cantidad de sanciones logradas, Bejar\u00e1n explic\u00f3 que las investigaciones realizadas hasta la fecha est\u00e1n enfocadas a la desarticulaci\u00f3n de redes de criminalidad organizadas, lo que conllev\u00f3 al rescate de un n\u00famero significativo de afectados.<\/p>\n\n\n\n<p>La titular tambi\u00e9n destac\u00f3 el trabajo realizado desde el ministerio P\u00fablico luego de la implementaci\u00f3n de un plan estrat\u00e9gico.<\/p>\n\n\n\n<p>De igual manera, la procuradora adjunta Yeni Berenice manifest\u00f3 que todo investigador posee la obligaci\u00f3n de ser eficiente en cualquier caso que haya v\u00edctimas porque, de no serlo, dijo, estar\u00eda en riesgo la vida.<\/p>\n\n\n\n<p>Berenice sostuvo que el tr\u00e1fico de individuos constituye uno de los negocios il\u00edcitos m\u00e1s lucrativos en el mundo y es un delito que cada d\u00eda se muestra m\u00e1s desafiante.<\/p>\n\n\n\n<p>\u201cDetr\u00e1s de cada caso hay una vida trastocada, quiz\u00e1 para siempre, por alguien que inobserv\u00f3 su condici\u00f3n de ser humano para verlo como un objeto, como una mercanc\u00eda de comercio\u201d, apunt\u00f3 la procuradora al hablar en el seminario, con sede en el hotel Catalonia, en esta capital.<\/p>\n\n\n\n<p class=\"has-text-align-right\"><em>PL<\/em><\/p>\n","protected":false},"excerpt":{"rendered":"<p>SANTO DOMINGO, Rep\u00fablica Dominicana.- M\u00e1s de 185 v\u00edctimas de tr\u00e1fico de personas fueron rescatadas en Rep\u00fablica Dominicana desde 2021 hasta la fecha, inform\u00f3 hoy la titular de la Procuradur\u00eda Especializada contra el Tr\u00e1fico Il\u00edcito de Migrantes y Trata de Personas, Yoanna Bejar\u00e1n. Bejar\u00e1n precis\u00f3 que la mayor\u00eda de los perjudicados son extranjeros, entre ellos colombianos, [&hellip;]<\/p>\n","protected":false},"author":1,"featured_media":385042,"comment_status":"open","ping_status":"open","sticky":false,"template":"","format":"standard","meta":{"_bbp_topic_count":0,"_bbp_reply_count":0,"_bbp_total_topic_count":0,"_bbp_total_reply_count":0,"_bbp_voice_count":0,"_bbp_anonymous_reply_count":0,"_bbp_topic_count_hidden":0,"_bbp_reply_count_hidden":0,"_bbp_forum_subforum_count":0,"footnotes":""},"categories":[109,32],"tags":[],"class_list":{"0":"post-385041","1":"post","2":"type-post","3":"status-publish","4":"format-standard","5":"has-post-thumbnail","7":"category-eleccion","8":"category-lo-ultimo"},"_links":{"self":[{"href":"https:\/\/primermomento.com\/index.php?rest_route=\/wp\/v2\/posts\/385041","targetHints":{"allow":["GET"]}}],"collection":[{"href":"https:\/\/primermomento.com\/index.php?rest_route=\/wp\/v2\/posts"}],"about":[{"href":"https:\/\/primermomento.com\/index.php?rest_route=\/wp\/v2\/types\/post"}],"author":[{"embeddable":true,"href":"https:\/\/primermomento.com\/index.php?rest_route=\/wp\/v2\/users\/1"}],"replies":[{"embeddable":true,"href":"https:\/\/primermomento.com\/index.php?rest_route=%2Fwp%2Fv2%2Fcomments&post=385041"}],"version-history":[{"count":1,"href":"https:\/\/primermomento.com\/index.php?rest_route=\/wp\/v2\/posts\/385041\/revisions"}],"predecessor-version":[{"id":385043,"href":"https:\/\/primermomento.com\/index.php?rest_route=\/wp\/v2\/posts\/385041\/revisions\/385043"}],"wp:featuredmedia":[{"embeddable":true,"href":"https:\/\/primermomento.com\/index.php?rest_route=\/wp\/v2\/media\/385042"}],"wp:attachment":[{"href":"https:\/\/primermomento.com\/index.php?rest_route=%2Fwp%2Fv2%2Fmedia&parent=385041"}],"wp:term":[{"taxonomy":"category","embeddable":true,"href":"https:\/\/primermomento.com\/index.php?rest_route=%2Fwp%2Fv2%2Fcategories&post=385041"},{"taxonomy":"post_tag","embeddable":true,"href":"https:\/\/primermomento.com\/index.php?rest_route=%2Fwp%2Fv2%2Ftags&post=385041"}],"curies":[{"name":"wp","href":"https:\/\/api.w.org\/{rel}","templated":true}]}}