{"id":385138,"date":"2023-04-20T07:38:00","date_gmt":"2023-04-20T11:38:00","guid":{"rendered":"https:\/\/primermomento.com\/?p=385138"},"modified":"2023-04-20T13:45:10","modified_gmt":"2023-04-20T17:45:10","slug":"gira-del-colombiano-camilo-cerrara-conciertos-de-abril-en-guatemala","status":"publish","type":"post","link":"https:\/\/primermomento.com\/?p=385138","title":{"rendered":"Gira del colombiano Camilo cerrar\u00e1 conciertos de abril en Guatemala"},"content":{"rendered":"\n<p class=\"wp-block-paragraph\">CIUDAD DE GUATEMALA, Guatemala.\u00a0Los guatemaltecos esperan hoy con ansias tres conciertos previstos para la \u00faltima semana de abril con el cantante colombiano Camilo entre los favoritos.<\/p>\n\n\n\n<p class=\"wp-block-paragraph\">La fecha para el encuentro con el show del int\u00e9rprete de \u00abVida de rico\u00bb ser\u00e1 el 27 de abril en la Explanada Cayal\u00e1, zona 16 capitalina.<\/p>\n\n\n\n<p class=\"wp-block-paragraph\">Camilo llega a Guatemala de la mano de su gira \u00abDe adentro pa afuera\u00bb, el nombre de su tercer \u00e1lbum de estudio, y promete incluir aqu\u00ed un repertorio con temas para celebrar el amor.<\/p>\n\n\n\n<p class=\"wp-block-paragraph\">Desde diciembre de 2022, sus admiradores esperan al popular cantautor, tras revelarse su presentaci\u00f3n.<\/p>\n\n\n\n<p class=\"wp-block-paragraph\">La banda mexicana Los \u00c1ngeles Azules es otra de las esperadas por el p\u00fablico y su concierto promete porque se encuentran celebrando 40 a\u00f1os de trayectoria musical.<\/p>\n\n\n\n<p class=\"wp-block-paragraph\">La cita ser\u00e1 el viernes 28 de abril en Explanada 5 a partir de las 20:00 hora local, confirmaron los organizadores.<\/p>\n\n\n\n<p class=\"wp-block-paragraph\">Para cierre de mes, 28, 29 y 30 de abril, tendr\u00e1 lugar el Empire Music Festival, el cual reunir\u00e1 a grandes estrellas como Cazzu, Bomba Est\u00e9reo, Natanael Cano, Nicky Romero, Tainy y Mora, entre otros.<\/p>\n\n\n\n<p class=\"wp-block-paragraph\">Sin duda, se trata del evento m\u00e1s grande del a\u00f1o con talento nacional e internacional en su habitual sede El Jocotillo, Carretera a El Salvador, kil\u00f3metro 37.<\/p>\n\n\n\n<p class=\"has-text-align-right wp-block-paragraph\"><em>PL<\/em><\/p>\n","protected":false},"excerpt":{"rendered":"<p>CIUDAD DE GUATEMALA, Guatemala.\u00a0Los guatemaltecos esperan hoy con ansias tres conciertos previstos para la \u00faltima semana de abril con el cantante colombiano Camilo entre los favoritos. La fecha para el encuentro con el show del int\u00e9rprete de \u00abVida de rico\u00bb ser\u00e1 el 27 de abril en la Explanada Cayal\u00e1, zona 16 capitalina. Camilo llega a [&hellip;]<\/p>\n","protected":false},"author":1,"featured_media":385139,"comment_status":"open","ping_status":"open","sticky":false,"template":"","format":"standard","meta":{"_bbp_topic_count":0,"_bbp_reply_count":0,"_bbp_total_topic_count":0,"_bbp_total_reply_count":0,"_bbp_voice_count":0,"_bbp_anonymous_reply_count":0,"_bbp_topic_count_hidden":0,"_bbp_reply_count_hidden":0,"_bbp_forum_subforum_count":0,"footnotes":""},"categories":[39],"tags":[],"class_list":["post-385138","post","type-post","status-publish","format-standard","has-post-thumbnail","category-entretenimiento"],"_links":{"self":[{"href":"https:\/\/primermomento.com\/index.php?rest_route=\/wp\/v2\/posts\/385138","targetHints":{"allow":["GET"]}}],"collection":[{"href":"https:\/\/primermomento.com\/index.php?rest_route=\/wp\/v2\/posts"}],"about":[{"href":"https:\/\/primermomento.com\/index.php?rest_route=\/wp\/v2\/types\/post"}],"author":[{"embeddable":true,"href":"https:\/\/primermomento.com\/index.php?rest_route=\/wp\/v2\/users\/1"}],"replies":[{"embeddable":true,"href":"https:\/\/primermomento.com\/index.php?rest_route=%2Fwp%2Fv2%2Fcomments&post=385138"}],"version-history":[{"count":1,"href":"https:\/\/primermomento.com\/index.php?rest_route=\/wp\/v2\/posts\/385138\/revisions"}],"predecessor-version":[{"id":385140,"href":"https:\/\/primermomento.com\/index.php?rest_route=\/wp\/v2\/posts\/385138\/revisions\/385140"}],"wp:featuredmedia":[{"embeddable":true,"href":"https:\/\/primermomento.com\/index.php?rest_route=\/wp\/v2\/media\/385139"}],"wp:attachment":[{"href":"https:\/\/primermomento.com\/index.php?rest_route=%2Fwp%2Fv2%2Fmedia&parent=385138"}],"wp:term":[{"taxonomy":"category","embeddable":true,"href":"https:\/\/primermomento.com\/index.php?rest_route=%2Fwp%2Fv2%2Fcategories&post=385138"},{"taxonomy":"post_tag","embeddable":true,"href":"https:\/\/primermomento.com\/index.php?rest_route=%2Fwp%2Fv2%2Ftags&post=385138"}],"curies":[{"name":"wp","href":"https:\/\/api.w.org\/{rel}","templated":true}]}}