{"id":385187,"date":"2023-04-20T20:32:05","date_gmt":"2023-04-21T00:32:05","guid":{"rendered":"https:\/\/primermomento.com\/?p=385187"},"modified":"2023-04-21T10:44:27","modified_gmt":"2023-04-21T14:44:27","slug":"onu-aprobo-una-resolucion-que-promueve-a-la-economia-social-y-solidaria","status":"publish","type":"post","link":"https:\/\/primermomento.com\/?p=385187","title":{"rendered":"ONU aprob\u00f3 una resoluci\u00f3n que promueve la econom\u00eda social y solidaria"},"content":{"rendered":"\n<ul class=\"wp-block-list\">\n<li><strong>Al menos hay 2,9 millones de cooperativas en el mundo, con un total de 1.200 millones de personas afiliadas y 279, 4 millones de personas empleadas, lo que equivale al 9,5 por ciento de la poblaci\u00f3n mundial ocupada, es decir, uno de cada 10 trabajadores en el mundo.<\/strong><\/li>\n<\/ul>\n\n\n\n<p>NACIONES UNIDAS, Naciones Unidas.- Menos de un a\u00f1o despu\u00e9s de que la Organizaci\u00f3n Internacional del Trabajo (OIT) discutiera y definiera a la Econom\u00eda Social y Solidaria (ESS), la Organizaci\u00f3n de las Naciones Unidas (ONU) aprob\u00f3 una resoluci\u00f3n donde donde promueve la econom\u00eda social y solidaria para el desarrollo sostenible, propuesta por Espa\u00f1a, que reconoce que la ESS puede contribuir a la consecuci\u00f3n y localizaci\u00f3n de los Objetivos de Desarrollo Sostenible (ODS).<\/p>\n\n\n\n<p>La resoluci\u00f3n proclama a la ESS como un modelo de desarrollo a promover en todo el mundo y fue celebrada por las distintas organizaciones del sector como la Confederaci\u00f3n Argentina de Mutualidades (CAM), que en un comunicado se\u00f1al\u00f3 lo siguiente:<\/p>\n\n\n\n<p>\u201cEs un d\u00eda hist\u00f3rico para todas las personas que vivimos por, para y desde la econom\u00eda social y solidaria. Un punto de inflexi\u00f3n dir\u00edan algunos, creemos que es m\u00e1s para todos nosotros, un punto de apoyo para mover el mundo, es decir para transformarlo\u201d.<\/p>\n\n\n\n<p>En tanto, el presidente de la Alianza Cooperativa Internacional (ACI), Ariel Guarco, expres\u00f3 que \u201ceste es un momento hist\u00f3rico para la familia de la ESS. El movimiento cooperativo ha sido uno de los principales pilares institucionales que constituyen la ESS desde su origen hist\u00f3rico en los a\u00f1os 1830 y ha participado activamente en el renacimiento moderno del concepto de la ESS\u201d.<\/p>\n\n\n\n<p>\u201cCreemos que la resoluci\u00f3n ser\u00e1 un instrumento clave para aumentar la visibilidad de la ESS y ofrecer la oportunidad de un intercambio y aprendizaje por parte de los Estados miembros, orientando a las agencias de la ONU sobre las \u00e1reas prioritarias de trabajo de la ESS y documentando nuestras contribuciones al desarrollo sostenible\u201d.<\/p>\n\n\n\n<p>Por su parte, el director general de la OIT, Gilbert F. Houngbo, expres\u00f3 tambi\u00e9n su satisfacci\u00f3n sobre la nueva resoluci\u00f3n de la ONU.<\/p>\n\n\n\n<p>Los pa\u00edses que presentaron la resoluci\u00f3n fueron B\u00e9lgica, Canad\u00e1, Chile, Colombia, Costa Rica, Rep\u00fablica Dominicana, Guinea Ecuatorial, Francia, Hungr\u00eda, Italia, Luxemburgo, Marruecos, Senegal, Eslovenia y Espa\u00f1a, se sumaron a este listado Argentina, Armenia y Croacia, para copatrocinar la resoluci\u00f3n A\/77\/L.60 y todo hace suponer que se sumar\u00e1n m\u00e1s pa\u00edses por solicitudes de organizaciones que trabajan en la ESS.<\/p>\n\n\n\n<p>La resoluci\u00f3n reconoce que la econom\u00eda social y solidaria puede contribuir a la consecuci\u00f3n de los Objetivos de Desarrollo Sostenible y su adaptaci\u00f3n al contexto local, en particular en lo que respecta al empleo y el trabajo decente, la prestaci\u00f3n de servicios sociales, como los relacionados con la salud y la atenci\u00f3n, la educaci\u00f3n y la formaci\u00f3n profesional, la protecci\u00f3n del medio ambiente.<\/p>\n\n\n\n<p>Adem\u00e1s, mediante el fomento de pr\u00e1cticas econ\u00f3micas sostenibles, la promoci\u00f3n de la igualdad de g\u00e9nero y el empoderamiento de las mujeres, el acceso a una financiaci\u00f3n asequible y el desarrollo econ\u00f3mico local, el fortalecimiento de las capacidades productivas de las personas en situaciones vulnerables, la promoci\u00f3n del di\u00e1logo social, los derechos laborales y la protecci\u00f3n social, as\u00ed como el crecimiento inclusivo y sostenible, la creaci\u00f3n de alianzas y redes a nivel local, nacional, regional e internacional y la promoci\u00f3n de la gobernanza y la formulaci\u00f3n de pol\u00edticas participativas y de todos los derechos humanos.<\/p>\n\n\n\n<p><strong>Sobre la Econom\u00eda Social y Solidaria<\/strong><\/p>\n\n\n\n<p>La ESS integra a \u201cempresas, organizaciones y otras entidades que realizan actividades econ\u00f3micas, sociales y medioambientales de inter\u00e9s colectivo o general, que se basan en los principios de la cooperaci\u00f3n voluntaria y la ayuda mutua, la gobernanza democr\u00e1tica o participativa, la autonom\u00eda y la independencia, y la primac\u00eda de las personas y el fin social sobre el capital en la distribuci\u00f3n y el uso de los excedentes o los beneficios, as\u00ed como de los activos\u201d, seg\u00fan la m\u00e1s reciente definici\u00f3n establecida en la Conferencia Internacional del Trabajo de la Organizaci\u00f3n Internacional del Trabajo (OIT) de junio del 2022.<\/p>\n\n\n\n<p>En concreto, la ESS comprende cooperativas, asociaciones, mutuales, fundaciones, empresas sociales, grupos de autoayuda y otras entidades que operan seg\u00fan sus valores y principios.<\/p>\n\n\n\n<p>Se estima que hay al menos 2,9 millones de cooperativas en el mundo, con un total de 1.200 millones de personas afiliadas y 279, 4 millones de personas empleadas, lo que equivale al 9,5 por ciento de la poblaci\u00f3n mundial ocupada, es decir, uno de cada 10 trabajadores en el mundo.<\/p>\n","protected":false},"excerpt":{"rendered":"<p>NACIONES UNIDAS, Naciones Unidas.- Menos de un a\u00f1o despu\u00e9s de que la Organizaci\u00f3n Internacional del Trabajo (OIT) discutiera y definiera a la Econom\u00eda Social y Solidaria (ESS), la Organizaci\u00f3n de las Naciones Unidas (ONU) aprob\u00f3 una resoluci\u00f3n donde donde promueve la econom\u00eda social y solidaria para el desarrollo sostenible, propuesta por Espa\u00f1a, que reconoce que [&hellip;]<\/p>\n","protected":false},"author":1,"featured_media":385188,"comment_status":"open","ping_status":"open","sticky":false,"template":"","format":"standard","meta":{"_bbp_topic_count":0,"_bbp_reply_count":0,"_bbp_total_topic_count":0,"_bbp_total_reply_count":0,"_bbp_voice_count":0,"_bbp_anonymous_reply_count":0,"_bbp_topic_count_hidden":0,"_bbp_reply_count_hidden":0,"_bbp_forum_subforum_count":0,"footnotes":""},"categories":[61],"tags":[],"class_list":{"0":"post-385187","1":"post","2":"type-post","3":"status-publish","4":"format-standard","5":"has-post-thumbnail","7":"category-mundo"},"_links":{"self":[{"href":"https:\/\/primermomento.com\/index.php?rest_route=\/wp\/v2\/posts\/385187","targetHints":{"allow":["GET"]}}],"collection":[{"href":"https:\/\/primermomento.com\/index.php?rest_route=\/wp\/v2\/posts"}],"about":[{"href":"https:\/\/primermomento.com\/index.php?rest_route=\/wp\/v2\/types\/post"}],"author":[{"embeddable":true,"href":"https:\/\/primermomento.com\/index.php?rest_route=\/wp\/v2\/users\/1"}],"replies":[{"embeddable":true,"href":"https:\/\/primermomento.com\/index.php?rest_route=%2Fwp%2Fv2%2Fcomments&post=385187"}],"version-history":[{"count":5,"href":"https:\/\/primermomento.com\/index.php?rest_route=\/wp\/v2\/posts\/385187\/revisions"}],"predecessor-version":[{"id":385194,"href":"https:\/\/primermomento.com\/index.php?rest_route=\/wp\/v2\/posts\/385187\/revisions\/385194"}],"wp:featuredmedia":[{"embeddable":true,"href":"https:\/\/primermomento.com\/index.php?rest_route=\/wp\/v2\/media\/385188"}],"wp:attachment":[{"href":"https:\/\/primermomento.com\/index.php?rest_route=%2Fwp%2Fv2%2Fmedia&parent=385187"}],"wp:term":[{"taxonomy":"category","embeddable":true,"href":"https:\/\/primermomento.com\/index.php?rest_route=%2Fwp%2Fv2%2Fcategories&post=385187"},{"taxonomy":"post_tag","embeddable":true,"href":"https:\/\/primermomento.com\/index.php?rest_route=%2Fwp%2Fv2%2Ftags&post=385187"}],"curies":[{"name":"wp","href":"https:\/\/api.w.org\/{rel}","templated":true}]}}