{"id":385230,"date":"2023-04-21T06:02:00","date_gmt":"2023-04-21T10:02:00","guid":{"rendered":"https:\/\/primermomento.com\/?p=385230"},"modified":"2023-04-21T10:04:35","modified_gmt":"2023-04-21T14:04:35","slug":"latin-amas-2023-noche-de-celebrar-la-musica-latina","status":"publish","type":"post","link":"https:\/\/primermomento.com\/?p=385230","title":{"rendered":"Latin AMAs 2023, noche de celebrar la m\u00fasica latina"},"content":{"rendered":"\n<p class=\"wp-block-paragraph\">LOS \u00c1NGELES, EEUU.- Para celebrar hoy el \u00e9xito de la m\u00fasica latina, hace apenas unos minutos culmin\u00f3 la gala de entrega de los galardones a todos los ritmos de esta regi\u00f3n con varios homenajes y sorpresas.<\/p>\n\n\n\n<p class=\"wp-block-paragraph\">La octava edici\u00f3n de los Premios de la M\u00fasica Latina concedi\u00f3 el primer lauro, como de costumbre desde la alfombra roja, el cual correspondi\u00f3 a la artista mexicana Becky G y su colaboraci\u00f3n con la colombiana Karol G, quienes se unieron y convirtieron en un rotundo \u00e9xito el tema Mamiii.<\/p>\n\n\n\n<p class=\"wp-block-paragraph\">El puertorrique\u00f1o Lenny Tav\u00e1rez llev\u00f3 su \u00abMedallo\u00bb al escenario, todo un fen\u00f3meno musical entre los m\u00e1s j\u00f3venes, mientras, Pitbull, con su incansable Flow -usado en el lenguaje popular rapero-, puso a bailar al p\u00fablico y a los invitados presentes.<\/p>\n\n\n\n<p class=\"wp-block-paragraph\">La primera categor\u00eda anunciada fue Canci\u00f3n del A\u00f1o, cuyo lauro tambi\u00e9n se lo llev\u00f3 la tan tarareada de Karol G y Becky G, esta \u00faltima agradecida a sus seguidores, adem\u00e1s, de felicitar a todos los nominados en ese apartado.<\/p>\n\n\n\n<p class=\"wp-block-paragraph\">El siguiente momento le correspondi\u00f3 al Mejor D\u00fao o grupo Pop, premio que recay\u00f3 en los hermanos mexicanos Jesse &amp; Joy.<\/p>\n\n\n\n<p class=\"wp-block-paragraph\">La agrupaci\u00f3n Frontera, con ocho nominaciones, obtuvo el regalo esperado a Mejor Canci\u00f3n Regional Mexicana, con No se va.<\/p>\n\n\n\n<p class=\"wp-block-paragraph\">Por su parte, la categor\u00eda de Mejor Colaboraci\u00f3n Regional mexicana le correspondi\u00f3 nuevamente a Becky G junto a Marca MP y Mejor Canci\u00f3n Tropical para La Bachata, del Manuel Turizo.<\/p>\n\n\n\n<p class=\"wp-block-paragraph\">Un momento especial result\u00f3 la gala de homenajes al colombiano Carlos Vives por sus 30 a\u00f1os de carrera art\u00edstica, al espa\u00f1ol David Bisbal y al dominicano Prince Royce, estos \u00faltimos se llevaron el reconocimiento Latin AMAs Pioneer por sus aportes a la m\u00fasica.<\/p>\n\n\n\n<p class=\"wp-block-paragraph\">Vives tiene una trayectoria de tres d\u00e9cadas con la cual puso en un nivel muy alto el vallenato; fil\u00e1ntropo, amante del arte, de lo propio y de la cultura local, la m\u00fasica le mostr\u00f3 dos caminos: seguir los g\u00e9neros de moda de los a\u00f1os 90 o transformar los ritmos de su tierra.<\/p>\n\n\n\n<p class=\"wp-block-paragraph\">En cuanto al espa\u00f1ol David Bisbal, recibi\u00f3 el premio honor\u00edfico Pioneer Award por los aportes a los g\u00e9neros de su pa\u00eds, como la buler\u00eda, la cual fusiona desde hace 20 a\u00f1os con el pop.<\/p>\n\n\n\n<p class=\"wp-block-paragraph\">Bisbal le agradeci\u00f3 a Ricky Martin, a Juan Luis Guerra y a Chayanne por ser referentes de la m\u00fasica latina.<\/p>\n\n\n\n<p class=\"wp-block-paragraph\">Esta celebraci\u00f3n estuvo acompa\u00f1ada de la puertorrique\u00f1a se\u00f1ora de fuego, Olga Ta\u00f1\u00f3n.<\/p>\n\n\n\n<p class=\"wp-block-paragraph\">Dicho galard\u00f3n pionero tambi\u00e9n le fue entregado al dominicano Prince Royce, a quien se festej\u00f3 por su notable carrera que puso en alto la bachata.<\/p>\n\n\n\n<p class=\"wp-block-paragraph\">El tributo al mexicano Pepe Aguilar, miembro de una dinast\u00eda musical, result\u00f3 emotivo, pues tuvo la oportunidad de cantar junto a otro grande, el paname\u00f1o Rub\u00e9n Blades.<\/p>\n\n\n\n<p class=\"wp-block-paragraph\">Para representar el futuro de la m\u00fasica urbana llegaron chicas como la espa\u00f1ola Bad Gyal y Chesca, de las m\u00e1s j\u00f3venes mujeres en el g\u00e9nero,adem\u00e1s, del boricua Mike Tower.<\/p>\n\n\n\n<p class=\"wp-block-paragraph\">Durante todo el espect\u00e1culo se record\u00f3 a un grupo de artistas, uno de ellos ya no est\u00e1 entre nosotros, como Selena, otros a\u00fan prestigian nuestra cultura.<\/p>\n\n\n\n<p class=\"wp-block-paragraph\">Los homenajeados en este espacio fueron Ricky Martin, Daddy Yankie, Shakira, Jos\u00e9 Feliciano y Julio Iglesias, gracias a ellos se escribi\u00f3 el eslogan: Somos un movimiento, para celebrar el ritmo, tradici\u00f3n e idiosincrasia de la regi\u00f3n.<\/p>\n\n\n\n<p class=\"wp-block-paragraph\">Anuel AA termin\u00f3 la gala de premiaci\u00f3n con un reggaet\u00f3n, como muestra de tradici\u00f3n latinoamericana.<\/p>\n\n\n\n<p class=\"has-text-align-right wp-block-paragraph\"><em>PL<\/em><\/p>\n","protected":false},"excerpt":{"rendered":"<p>LOS \u00c1NGELES, EEUU.- Para celebrar hoy el \u00e9xito de la m\u00fasica latina, hace apenas unos minutos culmin\u00f3 la gala de entrega de los galardones a todos los ritmos de esta regi\u00f3n con varios homenajes y sorpresas. La octava edici\u00f3n de los Premios de la M\u00fasica Latina concedi\u00f3 el primer lauro, como de costumbre desde la [&hellip;]<\/p>\n","protected":false},"author":1,"featured_media":385231,"comment_status":"open","ping_status":"open","sticky":false,"template":"","format":"standard","meta":{"_bbp_topic_count":0,"_bbp_reply_count":0,"_bbp_total_topic_count":0,"_bbp_total_reply_count":0,"_bbp_voice_count":0,"_bbp_anonymous_reply_count":0,"_bbp_topic_count_hidden":0,"_bbp_reply_count_hidden":0,"_bbp_forum_subforum_count":0,"footnotes":""},"categories":[39],"tags":[],"class_list":["post-385230","post","type-post","status-publish","format-standard","has-post-thumbnail","category-entretenimiento"],"_links":{"self":[{"href":"https:\/\/primermomento.com\/index.php?rest_route=\/wp\/v2\/posts\/385230","targetHints":{"allow":["GET"]}}],"collection":[{"href":"https:\/\/primermomento.com\/index.php?rest_route=\/wp\/v2\/posts"}],"about":[{"href":"https:\/\/primermomento.com\/index.php?rest_route=\/wp\/v2\/types\/post"}],"author":[{"embeddable":true,"href":"https:\/\/primermomento.com\/index.php?rest_route=\/wp\/v2\/users\/1"}],"replies":[{"embeddable":true,"href":"https:\/\/primermomento.com\/index.php?rest_route=%2Fwp%2Fv2%2Fcomments&post=385230"}],"version-history":[{"count":1,"href":"https:\/\/primermomento.com\/index.php?rest_route=\/wp\/v2\/posts\/385230\/revisions"}],"predecessor-version":[{"id":385232,"href":"https:\/\/primermomento.com\/index.php?rest_route=\/wp\/v2\/posts\/385230\/revisions\/385232"}],"wp:featuredmedia":[{"embeddable":true,"href":"https:\/\/primermomento.com\/index.php?rest_route=\/wp\/v2\/media\/385231"}],"wp:attachment":[{"href":"https:\/\/primermomento.com\/index.php?rest_route=%2Fwp%2Fv2%2Fmedia&parent=385230"}],"wp:term":[{"taxonomy":"category","embeddable":true,"href":"https:\/\/primermomento.com\/index.php?rest_route=%2Fwp%2Fv2%2Fcategories&post=385230"},{"taxonomy":"post_tag","embeddable":true,"href":"https:\/\/primermomento.com\/index.php?rest_route=%2Fwp%2Fv2%2Ftags&post=385230"}],"curies":[{"name":"wp","href":"https:\/\/api.w.org\/{rel}","templated":true}]}}