{"id":385249,"date":"2023-04-21T13:34:29","date_gmt":"2023-04-21T17:34:29","guid":{"rendered":"https:\/\/primermomento.com\/?p=385249"},"modified":"2023-04-22T08:04:24","modified_gmt":"2023-04-22T12:04:24","slug":"en-el-174-aniversario-de-la-batalla-de-las-carreras-se-reafirma-el-patriotismo","status":"publish","type":"post","link":"https:\/\/primermomento.com\/?p=385249","title":{"rendered":"BAN\u013a | Recuerdan Batalla de Las Carreras; acto reafirm\u00f3 patriotismo"},"content":{"rendered":"\n<p>BAN\u013a, Rep\u00fablica Dominicana.- La Presidencia de la Rep\u00fablica, a trav\u00e9s de la Comisi\u00f3n Permanente de Efem\u00e9rides Patrias, los ministerios de Educaci\u00f3n y Defensa, la Gobernaci\u00f3n de la provincia Peravia y el Ayuntamiento de Villa Fundaci\u00f3n, conmemoraron hoy 21 de abril, el 174 aniversario de la Batalla de las Carreras, en el Monumento Batalla de Las Carreras, secci\u00f3n Las Carreras, cerca del municipio de Ban\u00ed.<\/p>\n\n\n\n<p>El acto patri\u00f3tico inici\u00f3 a las 8:00 a.m., con el enhestamiento de la Bandera Nacional e interpretaci\u00f3n del Himno, a cargo de la Banda de M\u00fasica del Ej\u00e9rcito de Rep\u00fablica Dominicana y la invocaci\u00f3n religiosa a cargo del P\u00e1rroco Dionisio Reyes. Seguido de la lectura de la orden del d\u00eda y los honores militares de estilo a los h\u00e9roes de la Batalla de Las Carreras.<\/p>\n\n\n\n<p>Luego, se realiz\u00f3 el dep\u00f3sito de ofrendas florales por diferentes instituciones, al comp\u00e1s con el toque de ofrenda.<\/p>\n\n\n\n<p>Hicieron uso de la palabra&nbsp;Katherine Pimentel, Directora de la Junta Municipal de Villa Fundaci\u00f3n, y \u00c1ngela Yadira B\u00e1ez, gobernadora de la provincia Peravia.<\/p>\n\n\n\n<p>Por su parte, Juan Pablo Uribe, presidente de la Comisi\u00f3n Permanente de Efem\u00e9rides Patrias, al dirigirse a los presentes destac\u00f3 que \u201cLa proclamaci\u00f3n de nuestra Independencia Nacional resumen de un proceso dial\u00e9ctico de singular beligerancia en el Caribe y Am\u00e9rica, tuvo que ser reconfirmada con las armas durante a\u00f1os, enfrentando a un Hait\u00ed que no nos daba sosiego soberano e intentaba sojuzgarnos una y otra vez\u201d.<\/p>\n\n\n\n<p>Uribe continu\u00f3 diciendo que es en esa realidad que se produce la Batalla de Las Carreras,&nbsp; el 21 de abril de 1849, en las cercan\u00edas de Ban\u00ed y en el suelo llamado Las Carreras, donde los dominicanos heroicos le propinaron una contundente derrota al ej\u00e9rcito invasor haitiano, cuya superioridad en armamentos y tropas no pudo evitar que el coraje, la determinaci\u00f3n y la inteligencia patri\u00f3tica se impusieran para salvar la naci\u00f3n.<\/p>\n\n\n\n<p>Concluy\u00f3 su discurso asegurando que despu\u00e9s de 174 a\u00f1os, la Batalla de Las Carreras, nos recuerda la fuerza y el orgullo de la dominicanidad esculpida en nuestro Himno Nacional: \u201cQue si dolo y ardid la expusieron, de un intruso se\u00f1or al desd\u00e9n, \u00a1Las Carreras! \u00a1Beller!, campos fueron que cubiertos de gloria se ven\u201d.<\/p>\n\n\n\n<p>La rese\u00f1a hist\u00f3rica de la gesta estuvo a cargo del coronel historiador, S\u00f3crates Suazo Ruiz, ERD, Director de Historia del Ministerio de Defensa y finalmente se hizo una presentaci\u00f3n art\u00edstica de los estudiantes de la escuela \u201cLas Carreras\u201d.<\/p>\n","protected":false},"excerpt":{"rendered":"<p>BAN\u013a, Rep\u00fablica Dominicana.- La Presidencia de la Rep\u00fablica, a trav\u00e9s de la Comisi\u00f3n Permanente de Efem\u00e9rides Patrias, los ministerios de Educaci\u00f3n y Defensa, la Gobernaci\u00f3n de la provincia Peravia y el Ayuntamiento de Villa Fundaci\u00f3n, conmemoraron hoy 21 de abril, el 174 aniversario de la Batalla de las Carreras, en el Monumento Batalla de Las [&hellip;]<\/p>\n","protected":false},"author":1,"featured_media":385250,"comment_status":"open","ping_status":"open","sticky":false,"template":"","format":"standard","meta":{"_bbp_topic_count":0,"_bbp_reply_count":0,"_bbp_total_topic_count":0,"_bbp_total_reply_count":0,"_bbp_voice_count":0,"_bbp_anonymous_reply_count":0,"_bbp_topic_count_hidden":0,"_bbp_reply_count_hidden":0,"_bbp_forum_subforum_count":0,"footnotes":""},"categories":[30,109],"tags":[],"class_list":{"0":"post-385249","1":"post","2":"type-post","3":"status-publish","4":"format-standard","5":"has-post-thumbnail","7":"category-actualidad","8":"category-eleccion"},"_links":{"self":[{"href":"https:\/\/primermomento.com\/index.php?rest_route=\/wp\/v2\/posts\/385249","targetHints":{"allow":["GET"]}}],"collection":[{"href":"https:\/\/primermomento.com\/index.php?rest_route=\/wp\/v2\/posts"}],"about":[{"href":"https:\/\/primermomento.com\/index.php?rest_route=\/wp\/v2\/types\/post"}],"author":[{"embeddable":true,"href":"https:\/\/primermomento.com\/index.php?rest_route=\/wp\/v2\/users\/1"}],"replies":[{"embeddable":true,"href":"https:\/\/primermomento.com\/index.php?rest_route=%2Fwp%2Fv2%2Fcomments&post=385249"}],"version-history":[{"count":2,"href":"https:\/\/primermomento.com\/index.php?rest_route=\/wp\/v2\/posts\/385249\/revisions"}],"predecessor-version":[{"id":385253,"href":"https:\/\/primermomento.com\/index.php?rest_route=\/wp\/v2\/posts\/385249\/revisions\/385253"}],"wp:featuredmedia":[{"embeddable":true,"href":"https:\/\/primermomento.com\/index.php?rest_route=\/wp\/v2\/media\/385250"}],"wp:attachment":[{"href":"https:\/\/primermomento.com\/index.php?rest_route=%2Fwp%2Fv2%2Fmedia&parent=385249"}],"wp:term":[{"taxonomy":"category","embeddable":true,"href":"https:\/\/primermomento.com\/index.php?rest_route=%2Fwp%2Fv2%2Fcategories&post=385249"},{"taxonomy":"post_tag","embeddable":true,"href":"https:\/\/primermomento.com\/index.php?rest_route=%2Fwp%2Fv2%2Ftags&post=385249"}],"curies":[{"name":"wp","href":"https:\/\/api.w.org\/{rel}","templated":true}]}}