{"id":385370,"date":"2023-04-22T12:51:49","date_gmt":"2023-04-22T16:51:49","guid":{"rendered":"https:\/\/primermomento.com\/?p=385370"},"modified":"2023-04-22T12:54:52","modified_gmt":"2023-04-22T16:54:52","slug":"joe-biden-ordena-ayuda-federal-a-texas-debido-a-tormenta-invernal","status":"publish","type":"post","link":"https:\/\/primermomento.com\/?p=385370","title":{"rendered":"Joe Biden ordena ayuda federal a Texas debido a tormenta invernal"},"content":{"rendered":"\n<p>WASHINGTON, EEUU.- El presidente estadounidense, Joe Biden, declar\u00f3 hoy que existe una cat\u00e1strofe grave en Texas y orden\u00f3 ayuda federal para la recuperaci\u00f3n en zonas afectadas por una tormenta invernal del 30 de enero al 2 de febrero pasados.<\/p>\n\n\n\n<p>De acuerdo con un comunicado de la Casa Blanca, la financiaci\u00f3n est\u00e1 disponible para ese estado del sur del pa\u00eds, los gobiernos locales elegibles y ciertas organizaciones privadas, sobre la base de costes compartidos para el trabajo de emergencia y la reparaci\u00f3n de las instalaciones da\u00f1adas por el temporal.<\/p>\n\n\n\n<p>La orden ser\u00e1 aplicada en los condados de Bastrop, Blanco, Burleson, Burnet, Hays, Henderson, Kendall, Lee, Leon, Milam, Robertson, Travis, y Williamson.<\/p>\n\n\n\n<p>El mandatario tambi\u00e9n dispuso fondos en r\u00e9gimen de costos compartidos para medidas de mitigaci\u00f3n de riesgos en esa demarcaci\u00f3n.<\/p>\n\n\n\n<p>Fuertes tormentas de hielo sacudieron el centro y el este de Texas a fines de enero y principios de febrero de 2023, y al menos tres personas murieron por situaciones relacionadas con el mal tiempo y m\u00e1s de 300 mil clientes quedaron sin electricidad en ese estado, de acuerdo con medios locales.<\/p>\n\n\n\n<p class=\"has-text-align-right\"><em>PL<\/em><\/p>\n","protected":false},"excerpt":{"rendered":"<p>WASHINGTON, EEUU.- El presidente estadounidense, Joe Biden, declar\u00f3 hoy que existe una cat\u00e1strofe grave en Texas y orden\u00f3 ayuda federal para la recuperaci\u00f3n en zonas afectadas por una tormenta invernal del 30 de enero al 2 de febrero pasados. De acuerdo con un comunicado de la Casa Blanca, la financiaci\u00f3n est\u00e1 disponible para ese estado [&hellip;]<\/p>\n","protected":false},"author":1,"featured_media":385371,"comment_status":"open","ping_status":"open","sticky":false,"template":"","format":"standard","meta":{"_bbp_topic_count":0,"_bbp_reply_count":0,"_bbp_total_topic_count":0,"_bbp_total_reply_count":0,"_bbp_voice_count":0,"_bbp_anonymous_reply_count":0,"_bbp_topic_count_hidden":0,"_bbp_reply_count_hidden":0,"_bbp_forum_subforum_count":0,"footnotes":""},"categories":[61],"tags":[],"class_list":{"0":"post-385370","1":"post","2":"type-post","3":"status-publish","4":"format-standard","5":"has-post-thumbnail","7":"category-mundo"},"_links":{"self":[{"href":"https:\/\/primermomento.com\/index.php?rest_route=\/wp\/v2\/posts\/385370","targetHints":{"allow":["GET"]}}],"collection":[{"href":"https:\/\/primermomento.com\/index.php?rest_route=\/wp\/v2\/posts"}],"about":[{"href":"https:\/\/primermomento.com\/index.php?rest_route=\/wp\/v2\/types\/post"}],"author":[{"embeddable":true,"href":"https:\/\/primermomento.com\/index.php?rest_route=\/wp\/v2\/users\/1"}],"replies":[{"embeddable":true,"href":"https:\/\/primermomento.com\/index.php?rest_route=%2Fwp%2Fv2%2Fcomments&post=385370"}],"version-history":[{"count":1,"href":"https:\/\/primermomento.com\/index.php?rest_route=\/wp\/v2\/posts\/385370\/revisions"}],"predecessor-version":[{"id":385372,"href":"https:\/\/primermomento.com\/index.php?rest_route=\/wp\/v2\/posts\/385370\/revisions\/385372"}],"wp:featuredmedia":[{"embeddable":true,"href":"https:\/\/primermomento.com\/index.php?rest_route=\/wp\/v2\/media\/385371"}],"wp:attachment":[{"href":"https:\/\/primermomento.com\/index.php?rest_route=%2Fwp%2Fv2%2Fmedia&parent=385370"}],"wp:term":[{"taxonomy":"category","embeddable":true,"href":"https:\/\/primermomento.com\/index.php?rest_route=%2Fwp%2Fv2%2Fcategories&post=385370"},{"taxonomy":"post_tag","embeddable":true,"href":"https:\/\/primermomento.com\/index.php?rest_route=%2Fwp%2Fv2%2Ftags&post=385370"}],"curies":[{"name":"wp","href":"https:\/\/api.w.org\/{rel}","templated":true}]}}