{"id":385381,"date":"2023-04-22T14:42:46","date_gmt":"2023-04-22T18:42:46","guid":{"rendered":"https:\/\/primermomento.com\/?p=385381"},"modified":"2023-04-22T19:32:02","modified_gmt":"2023-04-22T23:32:02","slug":"una-nina-entre-las-victimas-de-otro-tiroteo-en-eeuu","status":"publish","type":"post","link":"https:\/\/primermomento.com\/?p=385381","title":{"rendered":"Una ni\u00f1a entre las v\u00edctimas de otro tiroteo en EEUU"},"content":{"rendered":"\n<p>WASHINGTON, EEUU.- Una ni\u00f1a de 12 a\u00f1os aparece hoy entre las v\u00edctimas de la violencia con armas de fuego en Estados Unidos, luego de que ocho personas, incluida ella, recibieran disparos en un vecindario de esta capital.<\/p>\n\n\n\n<p>El tiroteo masivo ocurrido en la noche anterior en la parte sureste de la ciudad tuvo dos escenas principales, que la polic\u00eda cree est\u00e1n conectadas.<\/p>\n\n\n\n<p>El subjefe del Departamento de Polic\u00eda Metropolitana, Andre Wright, mencion\u00f3 en una conferencia de prensa que en el primero de esos puntos fueron baleados siete hombres adultos, sin que las lesiones pusieran en peligro sus vidas.<\/p>\n\n\n\n<p>La segunda ubicaci\u00f3n fue a menos de una milla de la anterior, donde los agentes encontraron a la ni\u00f1a de 12 a\u00f1os con una herida en las extremidades inferiores.<\/p>\n\n\n\n<p>Afortunadamente, \u201cella tambi\u00e9n est\u00e1 estable y (sus lesiones) no ponen en peligro su vida\u201d, precis\u00f3 Wright.<\/p>\n\n\n\n<p>La autoridad remarc\u00f3 que la informaci\u00f3n a\u00fan es \u201cmuy preliminar\u201d y la investigaci\u00f3n sigue en curso.<\/p>\n\n\n\n<p>\u201cEs posible que las dos escenas en realidad no est\u00e9n conectadas, pero debido a la proximidad de los lugares y el tiempo transcurrido entre los incidentes, la polic\u00eda actualmente cree que est\u00e1n relacionados\u201d, explic\u00f3 la fuente citada por el canal CBS News.<\/p>\n\n\n\n<p>El subjefe adem\u00e1s mencion\u00f3 que desconocen el posible motivo de los tiroteos, as\u00ed como cu\u00e1ntos sospechosos pueden estar involucrados.<\/p>\n\n\n\n<p>\u201cUna cosa que sabemos con certeza es que buscamos un sed\u00e1n negro, posiblemente un Mercedes, que seg\u00fan los testigos atraves\u00f3 la cuadra y dispar\u00f3 indiscriminadamente contra las personas\u201d, agreg\u00f3 Wright.<\/p>\n\n\n\n<p>Los norteamericanos tienen consagrada la garant\u00eda de poseer y portar armas en la Segunda Enmienda a la Constituci\u00f3n, lo cual recibe cr\u00edticas de quienes dicen que ello amenaza el derecho a la vida.<\/p>\n\n\n\n<p>Estados Unidos sufri\u00f3 en lo que va de a\u00f1o 169 tiroteos masivos (aquellos en los que al menos cuatro personas reciben disparos, excluyendo al atacante), y m\u00e1s de 12 mil 900 personas murieron por armas de fuego, seg\u00fan la organizaci\u00f3n Gun Violence Archive.<\/p>\n\n\n\n<p>Del total de v\u00edctimas fatales por la violencia armada en 2023, 79 eran ni\u00f1os menores de 11 a\u00f1os, mientras 462 ten\u00edan la edad de 17 como m\u00e1ximo.<\/p>\n\n\n\n<p>Solo en este mes un adolescente afroamericano fue baleado por tocar a la puerta de una casa equivocada en Missouri, mientras en Texas, una muchacha casi muere despu\u00e9s de confundir su auto con el de alguien m\u00e1s que opt\u00f3 por dispararle, y en Carolina del Norte una ni\u00f1a de seis a\u00f1os tuvo una herida con arma de fuego en la cara por entrar al patio de su vecino a buscar una pelota.<\/p>\n\n\n\n<p class=\"has-text-align-right\"><em>PL<\/em><\/p>\n","protected":false},"excerpt":{"rendered":"<p>WASHINGTON, EEUU.- Una ni\u00f1a de 12 a\u00f1os aparece hoy entre las v\u00edctimas de la violencia con armas de fuego en Estados Unidos, luego de que ocho personas, incluida ella, recibieran disparos en un vecindario de esta capital. El tiroteo masivo ocurrido en la noche anterior en la parte sureste de la ciudad tuvo dos escenas [&hellip;]<\/p>\n","protected":false},"author":1,"featured_media":385382,"comment_status":"open","ping_status":"open","sticky":false,"template":"","format":"standard","meta":{"_bbp_topic_count":0,"_bbp_reply_count":0,"_bbp_total_topic_count":0,"_bbp_total_reply_count":0,"_bbp_voice_count":0,"_bbp_anonymous_reply_count":0,"_bbp_topic_count_hidden":0,"_bbp_reply_count_hidden":0,"_bbp_forum_subforum_count":0,"footnotes":""},"categories":[61],"tags":[],"class_list":{"0":"post-385381","1":"post","2":"type-post","3":"status-publish","4":"format-standard","5":"has-post-thumbnail","7":"category-mundo"},"_links":{"self":[{"href":"https:\/\/primermomento.com\/index.php?rest_route=\/wp\/v2\/posts\/385381","targetHints":{"allow":["GET"]}}],"collection":[{"href":"https:\/\/primermomento.com\/index.php?rest_route=\/wp\/v2\/posts"}],"about":[{"href":"https:\/\/primermomento.com\/index.php?rest_route=\/wp\/v2\/types\/post"}],"author":[{"embeddable":true,"href":"https:\/\/primermomento.com\/index.php?rest_route=\/wp\/v2\/users\/1"}],"replies":[{"embeddable":true,"href":"https:\/\/primermomento.com\/index.php?rest_route=%2Fwp%2Fv2%2Fcomments&post=385381"}],"version-history":[{"count":1,"href":"https:\/\/primermomento.com\/index.php?rest_route=\/wp\/v2\/posts\/385381\/revisions"}],"predecessor-version":[{"id":385383,"href":"https:\/\/primermomento.com\/index.php?rest_route=\/wp\/v2\/posts\/385381\/revisions\/385383"}],"wp:featuredmedia":[{"embeddable":true,"href":"https:\/\/primermomento.com\/index.php?rest_route=\/wp\/v2\/media\/385382"}],"wp:attachment":[{"href":"https:\/\/primermomento.com\/index.php?rest_route=%2Fwp%2Fv2%2Fmedia&parent=385381"}],"wp:term":[{"taxonomy":"category","embeddable":true,"href":"https:\/\/primermomento.com\/index.php?rest_route=%2Fwp%2Fv2%2Fcategories&post=385381"},{"taxonomy":"post_tag","embeddable":true,"href":"https:\/\/primermomento.com\/index.php?rest_route=%2Fwp%2Fv2%2Ftags&post=385381"}],"curies":[{"name":"wp","href":"https:\/\/api.w.org\/{rel}","templated":true}]}}